{"id":708,"date":"2020-09-03T19:43:25","date_gmt":"2020-09-03T22:43:25","guid":{"rendered":"http:\/\/www.centraldenoticias.com.ar\/?p=708"},"modified":"2020-09-03T20:41:03","modified_gmt":"2020-09-03T23:41:03","slug":"confirman-18-nuevos-casos-de-covid-19-en-olavarria-y-15-curados","status":"publish","type":"post","link":"https:\/\/cdnoticias.com\/index.php\/2020\/09\/03\/confirman-18-nuevos-casos-de-covid-19-en-olavarria-y-15-curados\/","title":{"rendered":"Confirman 18 nuevos casos de COVID-19 en Olavarr\u00eda y 15 curados"},"content":{"rendered":"<p>Restan confirmar los resultados de 47 personas que son catalogadas como sospechosas. Por la ma\u00f1ana hubo un fallecido. En total, hay 123 casos activos y se descartaron en las \u00faltimas 24 horas 35 hisopados. Contando a dos lapridenses, hay 25 internados en el Hospital.<!--more--><\/p>\n<p>___________________________________<\/p>\n<p>En la jornada de este jueves, <strong>el Municipio emiti\u00f3 su parte diario y confirm\u00f3 que 18 personas dieron positivo por COVID-19.<\/strong> En total, los casos activos ascienden a 123 pero como dato alentador unas<strong> 15 personas fueron dadas de alta en las \u00faltimas horas.<\/strong><\/p>\n<p>&nbsp;<\/p>\n<blockquote><p>Cabe recordar que <a href=\"https:\/\/cdnoticias.com\/index.php\/2020\/09\/03\/un-hombre-de-56-anos-murio-por-covid-19-en-olavarria\/\">un hombre de 56 a\u00f1os falleci\u00f3 en horas de la ma\u00f1ana<\/a>, positivo por coronavirus.<\/p><\/blockquote>\n<p>&nbsp;<\/p>\n<p>Seg\u00fan el parte emitido por la comuna, <strong>son 47 los casos considerados sospechosos que ser\u00e1n hisopados en las pr\u00f3ximas horas.<\/strong> Este jueves, se tomaron 53 muestras (35 fueron descartadas).<\/p>\n<p>&nbsp;<\/p>\n<p>En materia de ocupaci\u00f3n hospitalaria, <strong>son 25 las personas internadas<\/strong>: 4 en terapia intensiva (dos son oriundos de Laprida), 13 internados en clinica COVID, y otras 8 permanecen en aislamiento hospitalario, que son residentes de un Hogar de Adultos Mayores. <strong>El 80% del total son menores de 60 a\u00f1os.<\/strong><\/p>\n<p>&nbsp;<\/p>\n<p><strong>De los 18 positivos, <a href=\"https:\/\/cdnoticias.com\/index.php\/2020\/09\/02\/coronavirus-en-la-unidad-38-el-spb-confirmo-los-casos-y-explico-las-medidas-tomadas\/\">8 pertenecen a personal del Servicio Penitenciario<\/a><\/strong>, en el tercer d\u00eda consecutivo con casos en la instituci\u00f3n.<\/p>\n","protected":false},"excerpt":{"rendered":"<p>Restan confirmar los resultados de 47 personas que son catalogadas como sospechosas. Por la ma\u00f1ana hubo un fallecido. En total,<\/p>\n","protected":false},"author":2,"featured_media":704,"comment_status":"closed","ping_status":"closed","sticky":false,"template":"","format":"standard","meta":{"_jetpack_memberships_contains_paid_content":false,"footnotes":""},"categories":[5,1],"tags":[],"class_list":["post-708","post","type-post","status-publish","format-standard","has-post-thumbnail","hentry","category-informacion-general","category-portada"],"jetpack_featured_media_url":"https:\/\/i0.wp.com\/cdnoticias.com\/wp-content\/uploads\/2020\/09\/hospital3.jpg?fit=815%2C540&ssl=1","jetpack_sharing_enabled":true,"_links":{"self":[{"href":"https:\/\/cdnoticias.com\/index.php\/wp-json\/wp\/v2\/posts\/708","targetHints":{"allow":["GET"]}}],"collection":[{"href":"https:\/\/cdnoticias.com\/index.php\/wp-json\/wp\/v2\/posts"}],"about":[{"href":"https:\/\/cdnoticias.com\/index.php\/wp-json\/wp\/v2\/types\/post"}],"author":[{"embeddable":true,"href":"https:\/\/cdnoticias.com\/index.php\/wp-json\/wp\/v2\/users\/2"}],"replies":[{"embeddable":true,"href":"https:\/\/cdnoticias.com\/index.php\/wp-json\/wp\/v2\/comments?post=708"}],"version-history":[{"count":0,"href":"https:\/\/cdnoticias.com\/index.php\/wp-json\/wp\/v2\/posts\/708\/revisions"}],"wp:featuredmedia":[{"embeddable":true,"href":"https:\/\/cdnoticias.com\/index.php\/wp-json\/wp\/v2\/media\/704"}],"wp:attachment":[{"href":"https:\/\/cdnoticias.com\/index.php\/wp-json\/wp\/v2\/media?parent=708"}],"wp:term":[{"taxonomy":"category","embeddable":true,"href":"https:\/\/cdnoticias.com\/index.php\/wp-json\/wp\/v2\/categories?post=708"},{"taxonomy":"post_tag","embeddable":true,"href":"https:\/\/cdnoticias.com\/index.php\/wp-json\/wp\/v2\/tags?post=708"}],"curies":[{"name":"wp","href":"https:\/\/api.w.org\/{rel}","templated":true}]}}