{"id":70788,"date":"2022-11-23T19:00:06","date_gmt":"2022-11-23T22:00:06","guid":{"rendered":"https:\/\/www.centraldenoticias.com.ar\/?p=70788"},"modified":"2022-11-23T19:00:06","modified_gmt":"2022-11-23T22:00:06","slug":"mural-feminista-e-instalaciones-renovadas-en-politicas-de-genero","status":"publish","type":"post","link":"https:\/\/cdnoticias.com\/index.php\/2022\/11\/23\/mural-feminista-e-instalaciones-renovadas-en-politicas-de-genero\/","title":{"rendered":"Mural feminista e instalaciones renovadas en Pol\u00edticas de G\u00e9nero"},"content":{"rendered":"<p>La obra fue desarrollada por la reconocida artista visual Rosana Farana.<!--more--><\/p>\n<hr \/>\n<p>D\u00edas pasados <strong>culmin\u00f3 la etapa de finalizaci\u00f3n del proyecto de mural feminista<\/strong> en la <strong>Direcci\u00f3n de Pol\u00edticas de G\u00e9nero.\u00a0<\/strong><\/p>\n<p>&nbsp;<\/p>\n<p>La <strong>obra fue desarrollada por la reconocida artista visual Rosana Farana<\/strong>, que desde el mes de junio se encuentra trabajando con las mujeres que asisten a la Direcci\u00f3n, en el marco de las actividades por la conmemoraci\u00f3n del Ni Una Menos, mediante <strong>talleres de arte y feminismo<\/strong>, donde se abordaron<strong> contenidos te\u00f3ricos sobre la historia del arte y el movimiento feminista,<\/strong> al tiempo que se desplegaban collages sobre los contenidos.<\/p>\n<p>&nbsp;<\/p>\n<p>A trav\u00e9s de varias etapas, <strong>se fueron renovando diferentes espacios de la sede institucional<\/strong>, comenzando por la vereda, donde se plasm\u00f3 una rayuela alusiva a tem\u00e1ticas de la ESI. En paralelo, se pintaron dise\u00f1os en el hall de ingreso junto a las mujeres que asisten a la Direcci\u00f3n y adolescentes de diversos servicios del \u00e1rea de Ni\u00f1eces y Adolescencias de la \u00f3rbita de la Subsecretar\u00eda y, en esta \u00faltima etapa, se finaliz\u00f3 el gran mural feminista que se exhibe en las paredes del SUM central del edificio.<\/p>\n<p>&nbsp;<\/p>\n<p><img data-recalc-dims=\"1\" loading=\"lazy\" decoding=\"async\" class=\"alignnone size-full wp-image-70791\" src=\"https:\/\/i0.wp.com\/cdnoticias.com\/wp-content\/uploads\/2022\/11\/DH-Mural-Politicas-Genero-3.jpg?resize=800%2C533&#038;ssl=1\" alt=\"\" width=\"800\" height=\"533\" srcset=\"https:\/\/i0.wp.com\/cdnoticias.com\/wp-content\/uploads\/2022\/11\/DH-Mural-Politicas-Genero-3.jpg?w=1772&amp;ssl=1 1772w, https:\/\/i0.wp.com\/cdnoticias.com\/wp-content\/uploads\/2022\/11\/DH-Mural-Politicas-Genero-3.jpg?resize=300%2C200&amp;ssl=1 300w, https:\/\/i0.wp.com\/cdnoticias.com\/wp-content\/uploads\/2022\/11\/DH-Mural-Politicas-Genero-3.jpg?resize=1024%2C682&amp;ssl=1 1024w, https:\/\/i0.wp.com\/cdnoticias.com\/wp-content\/uploads\/2022\/11\/DH-Mural-Politicas-Genero-3.jpg?resize=768%2C512&amp;ssl=1 768w, https:\/\/i0.wp.com\/cdnoticias.com\/wp-content\/uploads\/2022\/11\/DH-Mural-Politicas-Genero-3.jpg?resize=1536%2C1024&amp;ssl=1 1536w, https:\/\/i0.wp.com\/cdnoticias.com\/wp-content\/uploads\/2022\/11\/DH-Mural-Politicas-Genero-3.jpg?resize=272%2C182&amp;ssl=1 272w, https:\/\/i0.wp.com\/cdnoticias.com\/wp-content\/uploads\/2022\/11\/DH-Mural-Politicas-Genero-3.jpg?w=1600&amp;ssl=1 1600w\" sizes=\"auto, (max-width: 800px) 100vw, 800px\" \/><\/p>\n<p>&nbsp;<\/p>\n<p>&#8220;Como se dijo en otra oportunidad, esta obra tuvo como objetivo, adem\u00e1s de reacondicionar las instalaciones, <strong>comunicar un mensaje de acompa\u00f1amiento mediante el arte, a las mujeres y disidencias que asisten a Pol\u00edticas de G\u00e9nero,<\/strong> mediante un proceso de trabajo colectivo y un recorrido que las incluy\u00f3 desde sus inicios&#8221; se indic\u00f3.<\/p>\n<p>&nbsp;<\/p>\n<p>La directora<strong> Florencia Caro<\/strong> expres\u00f3 la satisfacci\u00f3n por el mural, y por todas las etapas que atravesaron en estos meses para llegar a su finalizaci\u00f3n. Adem\u00e1s, brind\u00f3 detalles del encuadre del proceso de trabajo: <em><strong>\u201cQuisimos poner en valor el arte como herramienta transformadora de las desigualdades sociales y pensarlo desde el feminismo, para transmitirles a todas las mujeres y disidencias que se acercan a nuestro espacio que las abrazamos y que no estamos solas, que nos tenemos entre nosotras\u201d.<\/strong><\/em><\/p>\n<p>&nbsp;<\/p>\n<p>Al mismo tiempo, agradeci\u00f3 a la artista Rosana Farana, a su equipo de trabajo, y a las mujeres que participaron, por el logro colectivo. \u201c<em>Ha sido un placer trabajar con una artista y una mujer tan valiosa como Rosana, a quien le agradecemos por su entrega y compromiso en el plasmado de la obra. Estamos felices con el resultado y con todo el recorrido emprendido estos meses<\/em>\u201d, concluy\u00f3 Caro.<\/p>\n","protected":false},"excerpt":{"rendered":"<p>La obra fue desarrollada por la reconocida artista visual Rosana Farana.<\/p>\n","protected":false},"author":6,"featured_media":70789,"comment_status":"closed","ping_status":"closed","sticky":false,"template":"","format":"standard","meta":{"_jetpack_memberships_contains_paid_content":false,"footnotes":""},"categories":[3,1],"tags":[],"class_list":["post-70788","post","type-post","status-publish","format-standard","has-post-thumbnail","hentry","category-genero","category-portada"],"jetpack_featured_media_url":"https:\/\/i0.wp.com\/cdnoticias.com\/wp-content\/uploads\/2022\/11\/DH-Mural-Politicas-Genero-1.jpg?fit=1772%2C1181&ssl=1","jetpack_sharing_enabled":true,"_links":{"self":[{"href":"https:\/\/cdnoticias.com\/index.php\/wp-json\/wp\/v2\/posts\/70788","targetHints":{"allow":["GET"]}}],"collection":[{"href":"https:\/\/cdnoticias.com\/index.php\/wp-json\/wp\/v2\/posts"}],"about":[{"href":"https:\/\/cdnoticias.com\/index.php\/wp-json\/wp\/v2\/types\/post"}],"author":[{"embeddable":true,"href":"https:\/\/cdnoticias.com\/index.php\/wp-json\/wp\/v2\/users\/6"}],"replies":[{"embeddable":true,"href":"https:\/\/cdnoticias.com\/index.php\/wp-json\/wp\/v2\/comments?post=70788"}],"version-history":[{"count":0,"href":"https:\/\/cdnoticias.com\/index.php\/wp-json\/wp\/v2\/posts\/70788\/revisions"}],"wp:featuredmedia":[{"embeddable":true,"href":"https:\/\/cdnoticias.com\/index.php\/wp-json\/wp\/v2\/media\/70789"}],"wp:attachment":[{"href":"https:\/\/cdnoticias.com\/index.php\/wp-json\/wp\/v2\/media?parent=70788"}],"wp:term":[{"taxonomy":"category","embeddable":true,"href":"https:\/\/cdnoticias.com\/index.php\/wp-json\/wp\/v2\/categories?post=70788"},{"taxonomy":"post_tag","embeddable":true,"href":"https:\/\/cdnoticias.com\/index.php\/wp-json\/wp\/v2\/tags?post=70788"}],"curies":[{"name":"wp","href":"https:\/\/api.w.org\/{rel}","templated":true}]}}