{"id":70786,"date":"2022-11-24T18:33:26","date_gmt":"2022-11-24T21:33:26","guid":{"rendered":"https:\/\/www.centraldenoticias.com.ar\/?p=70786"},"modified":"2022-11-24T19:19:32","modified_gmt":"2022-11-24T22:19:32","slug":"aniversario-de-olavarria-no-habra-clases-ni-atenderan-los-bancos","status":"publish","type":"post","link":"https:\/\/cdnoticias.com\/index.php\/2022\/11\/24\/aniversario-de-olavarria-no-habra-clases-ni-atenderan-los-bancos\/","title":{"rendered":"Aniversario de Olavarr\u00eda: no habr\u00e1 clases ni atender\u00e1n los bancos"},"content":{"rendered":"<p>Lo inform\u00f3 La Secretar\u00eda de Desarrollo Humano y Calidad de Vida del Gobierno Municipal .<!--more--><\/p>\n<hr \/>\n<p>La Secretar\u00eda de Desarrollo Humano y Calidad de Vida del Gobierno Municipal inform\u00f3 que, con <strong>motivo del Aniversario de Olavarr\u00eda, el viernes 25 de noviembre no habr\u00e1 clases ni atender\u00e1n los bancos.<\/strong><\/p>\n<p>&nbsp;<\/p>\n<p>Cabe recordar que el <strong>pr\u00f3ximo viernes 25 de noviembre fue declarado como \u201cD\u00eda No Laborable\u201d<\/strong> con motivo de la conmemoraci\u00f3n del 155\u00b0 Aniversario de Olavarr\u00eda. La medida se enmarca en el Decreto Municipal 5205 y alcanza a la administraci\u00f3n p\u00fablica municipal.<\/p>\n<p>&nbsp;<\/p>\n<p>En este sentido, tambi\u00e9n se inform\u00f3 que <strong>el transporte p\u00fablico urbano e interurbano funcionar\u00e1 de la misma manera que los feriados nacionales.<\/strong><\/p>\n","protected":false},"excerpt":{"rendered":"<p>Lo inform\u00f3 La Secretar\u00eda de Desarrollo Humano y Calidad de Vida del Gobierno Municipal .<\/p>\n","protected":false},"author":6,"featured_media":2757,"comment_status":"closed","ping_status":"closed","sticky":false,"template":"","format":"standard","meta":{"_jetpack_memberships_contains_paid_content":false,"footnotes":""},"categories":[5,1],"tags":[],"class_list":["post-70786","post","type-post","status-publish","format-standard","has-post-thumbnail","hentry","category-informacion-general","category-portada"],"jetpack_featured_media_url":"https:\/\/i0.wp.com\/cdnoticias.com\/wp-content\/uploads\/2020\/09\/WhatsApp-Image-2020-09-24-at-11.22.48.jpeg?fit=1032%2C774&ssl=1","jetpack_sharing_enabled":true,"_links":{"self":[{"href":"https:\/\/cdnoticias.com\/index.php\/wp-json\/wp\/v2\/posts\/70786","targetHints":{"allow":["GET"]}}],"collection":[{"href":"https:\/\/cdnoticias.com\/index.php\/wp-json\/wp\/v2\/posts"}],"about":[{"href":"https:\/\/cdnoticias.com\/index.php\/wp-json\/wp\/v2\/types\/post"}],"author":[{"embeddable":true,"href":"https:\/\/cdnoticias.com\/index.php\/wp-json\/wp\/v2\/users\/6"}],"replies":[{"embeddable":true,"href":"https:\/\/cdnoticias.com\/index.php\/wp-json\/wp\/v2\/comments?post=70786"}],"version-history":[{"count":0,"href":"https:\/\/cdnoticias.com\/index.php\/wp-json\/wp\/v2\/posts\/70786\/revisions"}],"wp:featuredmedia":[{"embeddable":true,"href":"https:\/\/cdnoticias.com\/index.php\/wp-json\/wp\/v2\/media\/2757"}],"wp:attachment":[{"href":"https:\/\/cdnoticias.com\/index.php\/wp-json\/wp\/v2\/media?parent=70786"}],"wp:term":[{"taxonomy":"category","embeddable":true,"href":"https:\/\/cdnoticias.com\/index.php\/wp-json\/wp\/v2\/categories?post=70786"},{"taxonomy":"post_tag","embeddable":true,"href":"https:\/\/cdnoticias.com\/index.php\/wp-json\/wp\/v2\/tags?post=70786"}],"curies":[{"name":"wp","href":"https:\/\/api.w.org\/{rel}","templated":true}]}}