{"id":70782,"date":"2022-11-23T19:59:27","date_gmt":"2022-11-23T22:59:27","guid":{"rendered":"https:\/\/www.centraldenoticias.com.ar\/?p=70782"},"modified":"2022-11-23T21:08:34","modified_gmt":"2022-11-24T00:08:34","slug":"olavarria-palpita-los-festejos-por-su-155o-aniversario","status":"publish","type":"post","link":"https:\/\/cdnoticias.com\/index.php\/2022\/11\/23\/olavarria-palpita-los-festejos-por-su-155o-aniversario\/","title":{"rendered":"Olavarr\u00eda palpita los festejos por su 155\u00ba Aniversario"},"content":{"rendered":"<p>Olavarr\u00eda cumple a\u00f1os este viernes 25 de noviembre. Conoc\u00e9 la grilla de actividades que se realizar\u00e1n durante todo el d\u00eda. <!--more--><\/p>\n<hr \/>\n<p>El<strong> 25 de noviembre Olavarr\u00eda cumple 155 a\u00f1os, <\/strong>y lo celebra junto a toda su comunidad.<\/p>\n<p>&nbsp;<\/p>\n<p>En homenaje a este nuevo aniversario de la fundaci\u00f3n de nuestra ciudad,<strong> se realizar\u00e1 el acto protocolar desde las 11 horas en la Plaza Coronel \u00c1lvaro Barros.<\/strong><\/p>\n<p>&nbsp;<\/p>\n<p>Posteriormente, <strong>a partir de las 17 horas<\/strong> se dar\u00e1 comienzo a la <strong>edici\u00f3n 2022 de la gran Fiesta Aniversario<\/strong>, que en esta ocasi\u00f3n contar\u00e1 con la participaci\u00f3n de<strong> La Delio Valdez y los Palmeras.<\/strong><\/p>\n<p>&nbsp;<\/p>\n<p>El tradicional evento tendr\u00e1 lugar en el <strong>parque Helios Eseverri,<\/strong> y como es habitual contar\u00e1 con una vasta programaci\u00f3n, que incluye una<strong> grilla de espect\u00e1culos a cargo de artistas locales. <\/strong>Ser\u00e1n parte de la fiesta el Ballet Folkl\u00f3rico Municipal, Esteban Muia, Dolly Ci, Centaurus, Francisco Lopardo, Bel\u00e9n Laurenz, Sobra Milonga, Owen, La Delio Valdez y Los Palmeras.<\/p>\n<p>&nbsp;<\/p>\n<p>En paralelo, habr\u00e1 puestos a cargo de artesanos, emprendedores y productores locales, colectividades, localidades, grupos de provincia, cerveceros locales y Food Trucks.<\/p>\n","protected":false},"excerpt":{"rendered":"<p>Olavarr\u00eda cumple a\u00f1os este viernes 25 de noviembre. Conoc\u00e9 la grilla de actividades que se realizar\u00e1n durante todo el d\u00eda.<\/p>\n","protected":false},"author":6,"featured_media":5732,"comment_status":"closed","ping_status":"closed","sticky":false,"template":"","format":"standard","meta":{"_jetpack_memberships_contains_paid_content":false,"footnotes":""},"categories":[5,1],"tags":[],"class_list":["post-70782","post","type-post","status-publish","format-standard","has-post-thumbnail","hentry","category-informacion-general","category-portada"],"jetpack_featured_media_url":"https:\/\/i0.wp.com\/cdnoticias.com\/wp-content\/uploads\/2020\/11\/Vista-Fiesta-Olavarr%C3%ADa-Aniversario-150-1024x682.jpg?fit=1024%2C682&ssl=1","jetpack_sharing_enabled":true,"_links":{"self":[{"href":"https:\/\/cdnoticias.com\/index.php\/wp-json\/wp\/v2\/posts\/70782","targetHints":{"allow":["GET"]}}],"collection":[{"href":"https:\/\/cdnoticias.com\/index.php\/wp-json\/wp\/v2\/posts"}],"about":[{"href":"https:\/\/cdnoticias.com\/index.php\/wp-json\/wp\/v2\/types\/post"}],"author":[{"embeddable":true,"href":"https:\/\/cdnoticias.com\/index.php\/wp-json\/wp\/v2\/users\/6"}],"replies":[{"embeddable":true,"href":"https:\/\/cdnoticias.com\/index.php\/wp-json\/wp\/v2\/comments?post=70782"}],"version-history":[{"count":0,"href":"https:\/\/cdnoticias.com\/index.php\/wp-json\/wp\/v2\/posts\/70782\/revisions"}],"wp:featuredmedia":[{"embeddable":true,"href":"https:\/\/cdnoticias.com\/index.php\/wp-json\/wp\/v2\/media\/5732"}],"wp:attachment":[{"href":"https:\/\/cdnoticias.com\/index.php\/wp-json\/wp\/v2\/media?parent=70782"}],"wp:term":[{"taxonomy":"category","embeddable":true,"href":"https:\/\/cdnoticias.com\/index.php\/wp-json\/wp\/v2\/categories?post=70782"},{"taxonomy":"post_tag","embeddable":true,"href":"https:\/\/cdnoticias.com\/index.php\/wp-json\/wp\/v2\/tags?post=70782"}],"curies":[{"name":"wp","href":"https:\/\/api.w.org\/{rel}","templated":true}]}}