{"id":70764,"date":"2022-11-23T18:30:18","date_gmt":"2022-11-23T21:30:18","guid":{"rendered":"https:\/\/www.centraldenoticias.com.ar\/?p=70764"},"modified":"2022-11-23T18:30:18","modified_gmt":"2022-11-23T21:30:18","slug":"el-intendente-entrego-vehiculos-0-km-a-dependencias-municipales","status":"publish","type":"post","link":"https:\/\/cdnoticias.com\/index.php\/2022\/11\/23\/el-intendente-entrego-vehiculos-0-km-a-dependencias-municipales\/","title":{"rendered":"El intendente entreg\u00f3 veh\u00edculos 0 km a dependencias municipales"},"content":{"rendered":"<p>Fue en el mediod\u00eda de este mi\u00e9rcoles y estuvo acompa\u00f1ado de funcionarios municipales. <!--more--><\/p>\n<hr \/>\n<p>En el mediod\u00eda de este mi\u00e9rcoles el <strong>intendente Ezequiel Galli<\/strong>, acompa\u00f1ado por el secretario de Gobierno <strong>Hilario Galli<\/strong> y el subsecretario de Gobierno <strong>Emilio Vitale<\/strong>, recorrieron las delegaciones y dependencias municipales en donde <strong>entregaron veh\u00edculos 0 kil\u00f3metros<\/strong> adquiridos recientemente. Tambi\u00e9n fue parte de la actividad el director de suministro vehicular <strong>Math\u00edas Gamondi.<\/strong><\/p>\n<p>&nbsp;<\/p>\n<p>Por una parte, se trat\u00f3 de <strong>4 pick up que fueron incorporadas a la flota municipal<\/strong> mediante la realizaci\u00f3n de la licitaci\u00f3n p\u00fablica 39\/22, cuyo acto de apertura de sobres de oferentes se realiz\u00f3 el pasado mes de agosto, con una<strong> inversi\u00f3n cercana a los 30 millones de pesos.<\/strong><\/p>\n<p>&nbsp;<\/p>\n<p>En primer t\u00e9rmino visitaron<strong> Sierra Chica,<\/strong> donde fueron recibidos por el delegado Emanuel Capurro. En la ocasi\u00f3n el jefe comunal tambi\u00e9n visit\u00f3 el edificio de la dependencia municipal, donde dialog\u00f3 con el personal del lugar.<\/p>\n<p>&nbsp;<\/p>\n<p><img data-recalc-dims=\"1\" loading=\"lazy\" decoding=\"async\" class=\"alignnone size-full wp-image-70769\" src=\"https:\/\/i0.wp.com\/cdnoticias.com\/wp-content\/uploads\/2022\/11\/Entrega-Camionetas-2-scaled-1.jpg?resize=800%2C535&#038;ssl=1\" alt=\"\" width=\"800\" height=\"535\" srcset=\"https:\/\/i0.wp.com\/cdnoticias.com\/wp-content\/uploads\/2022\/11\/Entrega-Camionetas-2-scaled-1.jpg?w=2560&amp;ssl=1 2560w, https:\/\/i0.wp.com\/cdnoticias.com\/wp-content\/uploads\/2022\/11\/Entrega-Camionetas-2-scaled-1.jpg?resize=300%2C201&amp;ssl=1 300w, https:\/\/i0.wp.com\/cdnoticias.com\/wp-content\/uploads\/2022\/11\/Entrega-Camionetas-2-scaled-1.jpg?resize=1024%2C684&amp;ssl=1 1024w, https:\/\/i0.wp.com\/cdnoticias.com\/wp-content\/uploads\/2022\/11\/Entrega-Camionetas-2-scaled-1.jpg?resize=768%2C513&amp;ssl=1 768w, https:\/\/i0.wp.com\/cdnoticias.com\/wp-content\/uploads\/2022\/11\/Entrega-Camionetas-2-scaled-1.jpg?resize=1536%2C1027&amp;ssl=1 1536w, https:\/\/i0.wp.com\/cdnoticias.com\/wp-content\/uploads\/2022\/11\/Entrega-Camionetas-2-scaled-1.jpg?resize=2048%2C1369&amp;ssl=1 2048w, https:\/\/i0.wp.com\/cdnoticias.com\/wp-content\/uploads\/2022\/11\/Entrega-Camionetas-2-scaled-1.jpg?resize=272%2C182&amp;ssl=1 272w, https:\/\/i0.wp.com\/cdnoticias.com\/wp-content\/uploads\/2022\/11\/Entrega-Camionetas-2-scaled-1.jpg?w=1600&amp;ssl=1 1600w, https:\/\/i0.wp.com\/cdnoticias.com\/wp-content\/uploads\/2022\/11\/Entrega-Camionetas-2-scaled-1.jpg?w=2400&amp;ssl=1 2400w\" sizes=\"auto, (max-width: 800px) 100vw, 800px\" \/><\/p>\n<p>&nbsp;<\/p>\n<p>Posteriormente fue entregada la camioneta correspondiente a<strong> Hinojo<\/strong>, que fue recibida por el delegado municipal Claudio Rojas y tambi\u00e9n convers\u00f3 con trabajadores y vecinos de la localidad.<\/p>\n<p>&nbsp;<\/p>\n<p>La recorrida continu\u00f3 por <strong>Sierras Bayas<\/strong> con id\u00e9ntico desarrollo. Las llaves de la pick up fueron entregadas al delegado municipal Guillermo Rikal, quien recibi\u00f3 al intendente y funcionarios, adem\u00e1s de acompa\u00f1arlos en una visita por la localidad. Por \u00faltimo, se entreg\u00f3 la camioneta correspondiente a la delegaci\u00f3n municipal de<strong> Loma Negra,<\/strong> la cual fue recibida por el delegado Gabriel Suburu.<\/p>\n<p>&nbsp;<\/p>\n<p><img data-recalc-dims=\"1\" loading=\"lazy\" decoding=\"async\" class=\"alignnone size-full wp-image-70768\" src=\"https:\/\/i0.wp.com\/cdnoticias.com\/wp-content\/uploads\/2022\/11\/Entrega-Camionetas-4-scaled-1.jpg?resize=800%2C535&#038;ssl=1\" alt=\"\" width=\"800\" height=\"535\" srcset=\"https:\/\/i0.wp.com\/cdnoticias.com\/wp-content\/uploads\/2022\/11\/Entrega-Camionetas-4-scaled-1.jpg?w=2560&amp;ssl=1 2560w, https:\/\/i0.wp.com\/cdnoticias.com\/wp-content\/uploads\/2022\/11\/Entrega-Camionetas-4-scaled-1.jpg?resize=300%2C201&amp;ssl=1 300w, https:\/\/i0.wp.com\/cdnoticias.com\/wp-content\/uploads\/2022\/11\/Entrega-Camionetas-4-scaled-1.jpg?resize=1024%2C684&amp;ssl=1 1024w, https:\/\/i0.wp.com\/cdnoticias.com\/wp-content\/uploads\/2022\/11\/Entrega-Camionetas-4-scaled-1.jpg?resize=768%2C513&amp;ssl=1 768w, https:\/\/i0.wp.com\/cdnoticias.com\/wp-content\/uploads\/2022\/11\/Entrega-Camionetas-4-scaled-1.jpg?resize=1536%2C1027&amp;ssl=1 1536w, https:\/\/i0.wp.com\/cdnoticias.com\/wp-content\/uploads\/2022\/11\/Entrega-Camionetas-4-scaled-1.jpg?resize=2048%2C1369&amp;ssl=1 2048w, https:\/\/i0.wp.com\/cdnoticias.com\/wp-content\/uploads\/2022\/11\/Entrega-Camionetas-4-scaled-1.jpg?resize=272%2C182&amp;ssl=1 272w, https:\/\/i0.wp.com\/cdnoticias.com\/wp-content\/uploads\/2022\/11\/Entrega-Camionetas-4-scaled-1.jpg?w=1600&amp;ssl=1 1600w, https:\/\/i0.wp.com\/cdnoticias.com\/wp-content\/uploads\/2022\/11\/Entrega-Camionetas-4-scaled-1.jpg?w=2400&amp;ssl=1 2400w\" sizes=\"auto, (max-width: 800px) 100vw, 800px\" \/><\/p>\n<p>&nbsp;<\/p>\n<p>Por \u00faltimo se llev\u00f3 a cabo la entrega de otros<strong> dos rodados que son parte de la renovaci\u00f3n de la flota vehicular municipal<\/strong> originada a partir de la licitaci\u00f3n p\u00fablica 46\/22, realizada a fines del pasado mes de septiembre. En la ocasi\u00f3n, con un <strong>presupuesto oficial de $9.500.000 pesos,<\/strong> se adquirieron dos utilitarios para 5 pasajeros que fueron asignados a las Subsecretar\u00edas de Deportes y Recreaci\u00f3n y de Desarrollo Social.<\/p>\n<p>&nbsp;<\/p>\n<p><img data-recalc-dims=\"1\" loading=\"lazy\" decoding=\"async\" class=\"alignnone size-full wp-image-70766\" src=\"https:\/\/i0.wp.com\/cdnoticias.com\/wp-content\/uploads\/2022\/11\/Entrega-Camionetas-1-scaled-1.jpg?resize=800%2C535&#038;ssl=1\" alt=\"\" width=\"800\" height=\"535\" srcset=\"https:\/\/i0.wp.com\/cdnoticias.com\/wp-content\/uploads\/2022\/11\/Entrega-Camionetas-1-scaled-1.jpg?w=2560&amp;ssl=1 2560w, https:\/\/i0.wp.com\/cdnoticias.com\/wp-content\/uploads\/2022\/11\/Entrega-Camionetas-1-scaled-1.jpg?resize=300%2C201&amp;ssl=1 300w, https:\/\/i0.wp.com\/cdnoticias.com\/wp-content\/uploads\/2022\/11\/Entrega-Camionetas-1-scaled-1.jpg?resize=1024%2C684&amp;ssl=1 1024w, https:\/\/i0.wp.com\/cdnoticias.com\/wp-content\/uploads\/2022\/11\/Entrega-Camionetas-1-scaled-1.jpg?resize=768%2C513&amp;ssl=1 768w, https:\/\/i0.wp.com\/cdnoticias.com\/wp-content\/uploads\/2022\/11\/Entrega-Camionetas-1-scaled-1.jpg?resize=1536%2C1027&amp;ssl=1 1536w, https:\/\/i0.wp.com\/cdnoticias.com\/wp-content\/uploads\/2022\/11\/Entrega-Camionetas-1-scaled-1.jpg?resize=2048%2C1369&amp;ssl=1 2048w, https:\/\/i0.wp.com\/cdnoticias.com\/wp-content\/uploads\/2022\/11\/Entrega-Camionetas-1-scaled-1.jpg?resize=272%2C182&amp;ssl=1 272w, https:\/\/i0.wp.com\/cdnoticias.com\/wp-content\/uploads\/2022\/11\/Entrega-Camionetas-1-scaled-1.jpg?w=1600&amp;ssl=1 1600w, https:\/\/i0.wp.com\/cdnoticias.com\/wp-content\/uploads\/2022\/11\/Entrega-Camionetas-1-scaled-1.jpg?w=2400&amp;ssl=1 2400w\" sizes=\"auto, (max-width: 800px) 100vw, 800px\" \/><\/p>\n","protected":false},"excerpt":{"rendered":"<p>Fue en el mediod\u00eda de este mi\u00e9rcoles y estuvo acompa\u00f1ado de funcionarios municipales.<\/p>\n","protected":false},"author":6,"featured_media":70767,"comment_status":"closed","ping_status":"closed","sticky":false,"template":"","format":"standard","meta":{"_jetpack_memberships_contains_paid_content":false,"footnotes":""},"categories":[5,1],"tags":[],"class_list":["post-70764","post","type-post","status-publish","format-standard","has-post-thumbnail","hentry","category-informacion-general","category-portada"],"jetpack_featured_media_url":"https:\/\/i0.wp.com\/cdnoticias.com\/wp-content\/uploads\/2022\/11\/Entrega-Camionetas-3-scaled-1.jpg?fit=2560%2C1711&ssl=1","jetpack_sharing_enabled":true,"_links":{"self":[{"href":"https:\/\/cdnoticias.com\/index.php\/wp-json\/wp\/v2\/posts\/70764","targetHints":{"allow":["GET"]}}],"collection":[{"href":"https:\/\/cdnoticias.com\/index.php\/wp-json\/wp\/v2\/posts"}],"about":[{"href":"https:\/\/cdnoticias.com\/index.php\/wp-json\/wp\/v2\/types\/post"}],"author":[{"embeddable":true,"href":"https:\/\/cdnoticias.com\/index.php\/wp-json\/wp\/v2\/users\/6"}],"replies":[{"embeddable":true,"href":"https:\/\/cdnoticias.com\/index.php\/wp-json\/wp\/v2\/comments?post=70764"}],"version-history":[{"count":0,"href":"https:\/\/cdnoticias.com\/index.php\/wp-json\/wp\/v2\/posts\/70764\/revisions"}],"wp:featuredmedia":[{"embeddable":true,"href":"https:\/\/cdnoticias.com\/index.php\/wp-json\/wp\/v2\/media\/70767"}],"wp:attachment":[{"href":"https:\/\/cdnoticias.com\/index.php\/wp-json\/wp\/v2\/media?parent=70764"}],"wp:term":[{"taxonomy":"category","embeddable":true,"href":"https:\/\/cdnoticias.com\/index.php\/wp-json\/wp\/v2\/categories?post=70764"},{"taxonomy":"post_tag","embeddable":true,"href":"https:\/\/cdnoticias.com\/index.php\/wp-json\/wp\/v2\/tags?post=70764"}],"curies":[{"name":"wp","href":"https:\/\/api.w.org\/{rel}","templated":true}]}}