{"id":70755,"date":"2022-11-23T19:32:26","date_gmt":"2022-11-23T22:32:26","guid":{"rendered":"https:\/\/www.centraldenoticias.com.ar\/?p=70755"},"modified":"2022-11-23T19:32:26","modified_gmt":"2022-11-23T22:32:26","slug":"generacion-peronista-celebro-el-dia-de-la-militancia-en-olavarria","status":"publish","type":"post","link":"https:\/\/cdnoticias.com\/index.php\/2022\/11\/23\/generacion-peronista-celebro-el-dia-de-la-militancia-en-olavarria\/","title":{"rendered":"Generaci\u00f3n Peronista celebr\u00f3 el D\u00eda de la Militancia en Olavarr\u00eda"},"content":{"rendered":"<p>El jueves se convocaron varias agrupaciones, referentes gremiales, barriales, fomentistas y organizaciones civiles. <!--more--><\/p>\n<hr \/>\n<p><strong>Generaci\u00f3n Peronista celebr\u00f3 el D\u00eda de la Militancia en Olavarr\u00eda el jueves pasado con un \u201cplenario peronista\u201d en un sal\u00f3n de eventos.<\/strong> La fecha conmemor\u00f3 el aniversario de la vuelta del General Per\u00f3n luego de 18 a\u00f1os de exilio y proscripci\u00f3n.<\/p>\n<p>&nbsp;<\/p>\n<p>El encuentro cont\u00f3 con una destacada participaci\u00f3n, entre los que se encontraban <strong>Peronismo Olavarriense, Hist\u00f3ricos, Juventud Peronista, referentes gremiales, barriales, fomentistas y organizaciones civiles.<\/strong><\/p>\n<p>&nbsp;<\/p>\n<p><strong>Alan Aguirre<\/strong> dio la bienvenida a todos los participantes homenajeando a los que<strong> \u201ctrabajaron y lucharon incansablemente por los ideales de la doctrina peronista, dando su vida por la causa del pueblo\u201d<\/strong>, e hizo un repaso del trabajo transcurrido en este primer a\u00f1o de activismo de la agrupaci\u00f3n y las motivaciones que llevaron a crear este espacio.<\/p>\n<p>&nbsp;<\/p>\n<p>A continuaci\u00f3n <strong>Pamela Tagliaferro de AMET<\/strong> ahond\u00f3 en los hechos de esta fecha hist\u00f3rica y el docente <strong>Pablo Dirgam<\/strong> ley\u00f3 unas palabras de Arturo Jaureche sobre el sentido de la militancia y lo que define a un buen militante.<\/p>\n<p>&nbsp;<\/p>\n<p>Luego de compartir unos tradicionales choripanes comenz\u00f3 el conversatorio en el cual hist\u00f3ricos del peronismo reflexionaron acerca de los mitos y realidades, la \u201cverdad hist\u00f3rica\u201d de los eventos que llevaron al 17 de noviembre de 1972. <strong>Nestor Cides, Eva Cura y Miguel Angel Martin<\/strong> inspiraron a los j\u00f3venes en el camino de las \u201c20 verdades\u201d, a seguir trabajando y fortaleciendo los espacios que proponen y fomentan la participaci\u00f3n ciudadana, la unidad de los compa\u00f1eros y el activismo de coraz\u00f3n.<\/p>\n<p>&nbsp;<\/p>\n<p><strong>Ariel L\u00f3pez, secretario general de la CTA Aut\u00f3noma<\/strong>, destac\u00f3 la esperanza que genera la movilizaci\u00f3n y organizaci\u00f3n libre de los j\u00f3venes y dio paso al momento m\u00e1s emotivo de la noche: <strong>Juan \u201cPajarito\u201d Garc\u00eda<\/strong> de Ituzaing\u00f3, ahijado de Per\u00f3n y Eva, comenz\u00f3 a narrar de primera mano los acontecimientos hist\u00f3ricos del peronismo, entre ellos la de haber sido testigo presencial de los bombardeos de Plaza de Mayo en el 1955, fascinando a los presentes con su sabidur\u00eda.<\/p>\n<p>&nbsp;<\/p>\n<blockquote><p>Para finalizar Alan Aguirre, hizo un llamado a pensar en el futuro, recuperar el sentido humanista y el proyecto colectivo, \u201csuperando toda grieta, ya que los nuevos factores de crisis, los conflictos b\u00e9licos y el cambio clim\u00e1tico, nos demanda estar m\u00e1s unidos que nunca como pueblo y humanidad, solo un nacionalismo de inclusi\u00f3n como el que nos leg\u00f3 Per\u00f3n puede garantizar la felicidad y la dignidad de todos los argentinos, el verdadero peronismo es el futuro\u201d.<\/p><\/blockquote>\n<p>&nbsp;<\/p>\n<p>Como cierre entonaron la Marcha Peronista que identifica a todo el Movimiento Justicialista.<\/p>\n<p>&nbsp;<\/p>\n","protected":false},"excerpt":{"rendered":"<p>El jueves se convocaron varias agrupaciones, referentes gremiales, barriales, fomentistas y organizaciones civiles.<\/p>\n","protected":false},"author":4,"featured_media":70502,"comment_status":"closed","ping_status":"closed","sticky":false,"template":"","format":"standard","meta":{"_jetpack_memberships_contains_paid_content":false,"footnotes":""},"categories":[4,1],"tags":[],"class_list":["post-70755","post","type-post","status-publish","format-standard","has-post-thumbnail","hentry","category-politica","category-portada"],"jetpack_featured_media_url":"https:\/\/i0.wp.com\/cdnoticias.com\/wp-content\/uploads\/2022\/11\/dia-de-la-militancia-generacion-bicentenario.jpg?fit=800%2C445&ssl=1","jetpack_sharing_enabled":true,"_links":{"self":[{"href":"https:\/\/cdnoticias.com\/index.php\/wp-json\/wp\/v2\/posts\/70755","targetHints":{"allow":["GET"]}}],"collection":[{"href":"https:\/\/cdnoticias.com\/index.php\/wp-json\/wp\/v2\/posts"}],"about":[{"href":"https:\/\/cdnoticias.com\/index.php\/wp-json\/wp\/v2\/types\/post"}],"author":[{"embeddable":true,"href":"https:\/\/cdnoticias.com\/index.php\/wp-json\/wp\/v2\/users\/4"}],"replies":[{"embeddable":true,"href":"https:\/\/cdnoticias.com\/index.php\/wp-json\/wp\/v2\/comments?post=70755"}],"version-history":[{"count":0,"href":"https:\/\/cdnoticias.com\/index.php\/wp-json\/wp\/v2\/posts\/70755\/revisions"}],"wp:featuredmedia":[{"embeddable":true,"href":"https:\/\/cdnoticias.com\/index.php\/wp-json\/wp\/v2\/media\/70502"}],"wp:attachment":[{"href":"https:\/\/cdnoticias.com\/index.php\/wp-json\/wp\/v2\/media?parent=70755"}],"wp:term":[{"taxonomy":"category","embeddable":true,"href":"https:\/\/cdnoticias.com\/index.php\/wp-json\/wp\/v2\/categories?post=70755"},{"taxonomy":"post_tag","embeddable":true,"href":"https:\/\/cdnoticias.com\/index.php\/wp-json\/wp\/v2\/tags?post=70755"}],"curies":[{"name":"wp","href":"https:\/\/api.w.org\/{rel}","templated":true}]}}