{"id":70747,"date":"2022-11-23T18:02:10","date_gmt":"2022-11-23T21:02:10","guid":{"rendered":"https:\/\/www.centraldenoticias.com.ar\/?p=70747"},"modified":"2022-11-23T18:02:10","modified_gmt":"2022-11-23T21:02:10","slug":"hcd-este-jueves-se-realizara-la-ultima-sesion-ordinaria-del-ano","status":"publish","type":"post","link":"https:\/\/cdnoticias.com\/index.php\/2022\/11\/23\/hcd-este-jueves-se-realizara-la-ultima-sesion-ordinaria-del-ano\/","title":{"rendered":"HCD: este jueves se realizar\u00e1 la \u00faltima sesi\u00f3n ordinaria del a\u00f1o"},"content":{"rendered":"<p>Se tratar\u00e1 el anteproyecto de ordenanza para implementar el Programa de Lucha contra la Tucura. Tambi\u00e9n se debatir\u00e1 la modificaci\u00f3n del recorrido urbano. M\u00e1s de 30 proyectos en debate.<!--more--><\/p>\n<hr \/>\n<p><strong>Este mi\u00e9rcoles la presidenta del Concejo Deliberante, Cecilia Krivochen, encabez\u00f3 una nueva reuni\u00f3n de la comisi\u00f3n de Labor Parlamentaria<\/strong> donde se estableci\u00f3 que el HCD, en sesi\u00f3n ordinaria, tratar\u00e1 este jueves <strong>33 proyectos.<\/strong><\/p>\n<p>&nbsp;<\/p>\n<p>Se realizar\u00e1 desde las 9 en el recinto de la Sociedad Espa\u00f1ola la <strong>17\u00aa sesi\u00f3n ordinaria<\/strong> del a\u00f1o, la cual ser\u00e1 <strong>la \u00faltima antes del cierre del per\u00edodo el 30 de noviembre.<\/strong><\/p>\n<p>&nbsp;<\/p>\n<p>Entre los principales temas en debate se cuenta el <strong>anteproyecto de ordenanza para la implementaci\u00f3n del programa de Lucha contra la Tucura<\/strong> para el periodo 2022-2023.<\/p>\n<p>&nbsp;<\/p>\n<blockquote><p>Con este anteproyecto se busca darle continuidad a la Tasa Solidaria de Productores Rurales para el sost\u00e9n del Programa. En el mismo quedan establecidas las siguientes zonas y valores: Zona 1 equivalente a 11,77 pesos por hect\u00e1rea por mes y Zona 2 equivalente a 27,04 pesos por hect\u00e1rea por mes. Dichos valores surgen del esquema de zonificaci\u00f3n elaborado por la Comisi\u00f3n de Lucha contra las Plagas del Partido de Olavarr\u00eda que adem\u00e1s estableci\u00f3 un presupuesto de 122.173.568,73 pesos para la realizaci\u00f3n de la campa\u00f1a 2022\/2023.<\/p><\/blockquote>\n<p>&nbsp;<\/p>\n<p>Una vez aprobada la ordenanza preparatoria deber\u00e1 ser tratada por la<strong> Asamblea de Concejales y Mayores Contribuyentes<\/strong> para alcanzar su sanci\u00f3n definitiva.<\/p>\n<p>&nbsp;<\/p>\n<p><img data-recalc-dims=\"1\" loading=\"lazy\" decoding=\"async\" class=\"size-full wp-image-70750 aligncenter\" src=\"https:\/\/i0.wp.com\/cdnoticias.com\/wp-content\/uploads\/2022\/11\/HCD-labor-parlamentaria-1.jpg?resize=800%2C445&#038;ssl=1\" alt=\"\" width=\"800\" height=\"445\" srcset=\"https:\/\/i0.wp.com\/cdnoticias.com\/wp-content\/uploads\/2022\/11\/HCD-labor-parlamentaria-1.jpg?w=800&amp;ssl=1 800w, https:\/\/i0.wp.com\/cdnoticias.com\/wp-content\/uploads\/2022\/11\/HCD-labor-parlamentaria-1.jpg?resize=300%2C167&amp;ssl=1 300w, https:\/\/i0.wp.com\/cdnoticias.com\/wp-content\/uploads\/2022\/11\/HCD-labor-parlamentaria-1.jpg?resize=768%2C427&amp;ssl=1 768w\" sizes=\"auto, (max-width: 800px) 100vw, 800px\" \/><\/p>\n<p>&nbsp;<\/p>\n<p>Asimismo, se acord\u00f3 debatir en el recinto un proyecto ingresado por el Ejecutivo para <strong>disponer cambios en el recorrido del transporte urbano de pasajeros<\/strong>, lo que t\u00e9cnicamente se plante\u00f3 como modificaci\u00f3n del Anexo I de la ordenanza 4414\/19.<\/p>\n<p>&nbsp;<\/p>\n<p>Por otro lado, la presidencia del Concejo Deliberante inform\u00f3 que<strong> durante la sesi\u00f3n se debatir\u00e1n 16 proyectos de ordenanza<\/strong> que fueron despachados por la comisi\u00f3n de Legislaci\u00f3n.<\/p>\n<p>&nbsp;<\/p>\n<p>Del total de proyectos despachados, 13 corresponden a donaciones de inmuebles a vecinos y vecinas del Partido de Olavarr\u00eda. Tambi\u00e9n se tratar\u00e1 el <a href=\"https:\/\/cdnoticias.com\/index.php\/2022\/10\/25\/proponen-crear-el-pasaje-hermanos-emiliozzi\/\" target=\"_blank\" rel=\"noopener\">proyecto presentado en octubre<\/a> por el bloque Juntos para denominar <strong>\u201cPasaje Hermanos Emiliozzi\u201d a la calle Necochea entre 25 de Mayo y 9 de Julio.<\/strong><\/p>\n<p>&nbsp;<\/p>\n<p>Adem\u00e1s, este jueves se pondr\u00e1n en consideraci\u00f3n distintos proyectos ingresados en t\u00e9rmino reglamentario y que lograron acuerdo para tratamiento sobre tablas. Corresponden a presentaciones realizadas por los distintos bloques pol\u00edticos que integran el HCD y tambi\u00e9n por parte de particulares.<\/p>\n<p>&nbsp;<\/p>\n<p>Uno de ellos, es el<strong> pedido ingresado por la Junta Vecinal Carlos Pellegrini para la \u201cconstrucci\u00f3n de cord\u00f3n cuneta\u201d<\/strong> en ese sector de la ciudad, proyecto que<a href=\"https:\/\/cdnoticias.com\/index.php\/2022\/11\/19\/pedido-de-cordon-cuneta-doble-presentacion-de-la-junta-vecinal-carlos-pellegrini\/\" target=\"_blank\" rel=\"noopener\"> la agrupaci\u00f3n present\u00f3 en el Concejo d\u00edas pasados tras reiterados pedidos al Ejecutivo en el mismo sentido<\/a>.<\/p>\n<p>&nbsp;<\/p>\n","protected":false},"excerpt":{"rendered":"<p>Se tratar\u00e1 el anteproyecto de ordenanza para implementar el Programa de Lucha contra la Tucura. Tambi\u00e9n se debatir\u00e1 la modificaci\u00f3n<\/p>\n","protected":false},"author":4,"featured_media":70749,"comment_status":"closed","ping_status":"closed","sticky":false,"template":"","format":"standard","meta":{"_jetpack_memberships_contains_paid_content":false,"footnotes":""},"categories":[4,1],"tags":[],"class_list":["post-70747","post","type-post","status-publish","format-standard","has-post-thumbnail","hentry","category-politica","category-portada"],"jetpack_featured_media_url":"https:\/\/i0.wp.com\/cdnoticias.com\/wp-content\/uploads\/2022\/11\/HCD-labor-parlamentaria-0.jpg?fit=800%2C446&ssl=1","jetpack_sharing_enabled":true,"_links":{"self":[{"href":"https:\/\/cdnoticias.com\/index.php\/wp-json\/wp\/v2\/posts\/70747","targetHints":{"allow":["GET"]}}],"collection":[{"href":"https:\/\/cdnoticias.com\/index.php\/wp-json\/wp\/v2\/posts"}],"about":[{"href":"https:\/\/cdnoticias.com\/index.php\/wp-json\/wp\/v2\/types\/post"}],"author":[{"embeddable":true,"href":"https:\/\/cdnoticias.com\/index.php\/wp-json\/wp\/v2\/users\/4"}],"replies":[{"embeddable":true,"href":"https:\/\/cdnoticias.com\/index.php\/wp-json\/wp\/v2\/comments?post=70747"}],"version-history":[{"count":0,"href":"https:\/\/cdnoticias.com\/index.php\/wp-json\/wp\/v2\/posts\/70747\/revisions"}],"wp:featuredmedia":[{"embeddable":true,"href":"https:\/\/cdnoticias.com\/index.php\/wp-json\/wp\/v2\/media\/70749"}],"wp:attachment":[{"href":"https:\/\/cdnoticias.com\/index.php\/wp-json\/wp\/v2\/media?parent=70747"}],"wp:term":[{"taxonomy":"category","embeddable":true,"href":"https:\/\/cdnoticias.com\/index.php\/wp-json\/wp\/v2\/categories?post=70747"},{"taxonomy":"post_tag","embeddable":true,"href":"https:\/\/cdnoticias.com\/index.php\/wp-json\/wp\/v2\/tags?post=70747"}],"curies":[{"name":"wp","href":"https:\/\/api.w.org\/{rel}","templated":true}]}}