{"id":70733,"date":"2022-11-23T11:23:38","date_gmt":"2022-11-23T14:23:38","guid":{"rendered":"https:\/\/www.centraldenoticias.com.ar\/?p=70733"},"modified":"2022-11-23T12:20:54","modified_gmt":"2022-11-23T15:20:54","slug":"femicidio-de-valentina-gallina-comenzo-el-juicio-y-las-partes-mostraron-sus-estrategias","status":"publish","type":"post","link":"https:\/\/cdnoticias.com\/index.php\/2022\/11\/23\/femicidio-de-valentina-gallina-comenzo-el-juicio-y-las-partes-mostraron-sus-estrategias\/","title":{"rendered":"Femicidio de Valentina Gallina: comenz\u00f3 el juicio y las partes mostraron sus estrategias"},"content":{"rendered":"<p>La acusaci\u00f3n buscar\u00e1 demostrar la \u201cpremeditaci\u00f3n\u201d en la actuaci\u00f3n del imputado, Diego Pais. La defensa plante\u00f3 la inimputabilidad.<!--more--><\/p>\n<hr \/>\n<p><strong>Este martes en el Tribunal Oral N\u00ba 1 de Azul comenz\u00f3 el juicio por el femicidio de Valentina Gallina.<\/strong> La jornada comenz\u00f3 con la constituci\u00f3n del<strong> jurado de 12 civiles<\/strong> que al cierre, dictaminar\u00e1n si el acusado es \u201cculpable\u201d o \u201cno culpable\u201d.<\/p>\n<p>&nbsp;<\/p>\n<p>En los primeros d\u00edas de enero de 2020 fue asesinada la joven de 19 a\u00f1os. <strong>El \u00fanico imputado es Diego Alejandro Ezequiel Pais<\/strong>, ex pareja de la v\u00edctima. Est\u00e1 acusado por <strong>\u201chomicidio triplemente calificado por el v\u00ednculo y por su comisi\u00f3n con ensa\u00f1amiento y mediando violencia de g\u00e9nero\u201d<\/strong> y as\u00ed lleg\u00f3 a las <a href=\"https:\/\/cdnoticias.com\/index.php\/2022\/11\/21\/este-martes-comenzara-el-juicio-por-el-femicidio-de-valentina-gallina\/\" target=\"_blank\" rel=\"noopener\">audiencias orales que se extender\u00e1n hasta el viernes<\/a>.<\/p>\n<p>&nbsp;<\/p>\n<p>En la primera jornada<strong> las partes presentaron los alegatos de apertura<\/strong> y quedaron delineadas las estrategias. Adem\u00e1s, pudieron declarar algunos de los testigos citados.<\/p>\n<p>&nbsp;<\/p>\n<p>La parte acusatoria est\u00e1 encabezada por la <strong>fiscal Mar\u00eda Paula Serrano<\/strong> y como <strong>particular damnificado se present\u00f3 el abogado C\u00e9sar Garc\u00eda<\/strong>, en representaci\u00f3n de la familia de Valentina Gallina. Fueron los primeros en exponer, y luego lo hizo <strong>la defensa de Pais.<\/strong><\/p>\n<p>&nbsp;<\/p>\n<p><img data-recalc-dims=\"1\" loading=\"lazy\" decoding=\"async\" class=\"aligncenter wp-image-10695\" src=\"https:\/\/i0.wp.com\/cdnoticias.com\/wp-content\/uploads\/2021\/01\/mural-valentina2.jpg?resize=800%2C504&#038;ssl=1\" alt=\"\" width=\"800\" height=\"504\" srcset=\"https:\/\/i0.wp.com\/cdnoticias.com\/wp-content\/uploads\/2021\/01\/mural-valentina2.jpg?w=960&amp;ssl=1 960w, https:\/\/i0.wp.com\/cdnoticias.com\/wp-content\/uploads\/2021\/01\/mural-valentina2.jpg?resize=300%2C189&amp;ssl=1 300w, https:\/\/i0.wp.com\/cdnoticias.com\/wp-content\/uploads\/2021\/01\/mural-valentina2.jpg?resize=768%2C484&amp;ssl=1 768w\" sizes=\"auto, (max-width: 800px) 100vw, 800px\" \/><\/p>\n<p>&nbsp;<\/p>\n<p><strong>\u201cLa Defensa dijo que el se\u00f1or Pais posiblemente o seguramente podr\u00eda ser el autor del femicidio pero tal vez no comprend\u00eda la criminalidad de sus actos\u201d<\/strong> inform\u00f3 el abogado Garc\u00eda sobre lo expuesto en la primera audiencia.<\/p>\n<p>&nbsp;<\/p>\n<p>A lo que contrapuso que <strong>esa \u201ccuesti\u00f3n se va desbaratando porque para no comprender la criminalidad de los actos no deber\u00eda haber premeditaci\u00f3n\u201d.<\/strong> En ese sentido, indic\u00f3 que buscar\u00e1 demostrar que \u201cs\u00ed hubo premeditaci\u00f3n\u201d basado en el tiempo en que pas\u00f3 entre que Gallina fue atacada y result\u00f3 herida, y que se convoc\u00f3 a la ambulancia y la Polic\u00eda.<\/p>\n<p>&nbsp;<\/p>\n<blockquote><p>El abogado se\u00f1al\u00f3 que los servicios de emergencia fueron llamados \u201ca las 11.30\u201d del 4 de enero de 2020 a la vivienda del barrio Isaura y para ese momento \u201clas lesiones databan de mucho m\u00e1s de una hora y media. Estuvo una hora y media sin asistencia\u201d concluy\u00f3.<\/p><\/blockquote>\n<p>&nbsp;<\/p>\n<p>Luego<strong> se iniciaron las declaraciones de los testigos<\/strong>. Alcanzaron a exponer los oficiales de polic\u00eda que intervinieron en la escena del crimen y dos m\u00e9dicas que atendieron a la v\u00edctima en aquella jornada de enero de 2020.<\/p>\n<p>&nbsp;<\/p>\n<p>Las audiencias contin\u00faan en el Tribunal 1 de Azul. <strong>Este mi\u00e9rcoles est\u00e1n citados unos 20 testigos<\/strong>, entre ellos se cuenta personal policial, personal de salud y peritos que intervinieron en distintos aspectos de la investigaci\u00f3n del caso.<\/p>\n<p>&nbsp;<\/p>\n","protected":false},"excerpt":{"rendered":"<p>La acusaci\u00f3n buscar\u00e1 demostrar la \u201cpremeditaci\u00f3n\u201d en la actuaci\u00f3n del imputado, Diego Pais. La defensa plante\u00f3 la inimputabilidad.<\/p>\n","protected":false},"author":4,"featured_media":70726,"comment_status":"closed","ping_status":"closed","sticky":false,"template":"","format":"standard","meta":{"_jetpack_memberships_contains_paid_content":false,"footnotes":""},"categories":[14,1],"tags":[],"class_list":["post-70733","post","type-post","status-publish","format-standard","has-post-thumbnail","hentry","category-policiales","category-portada"],"jetpack_featured_media_url":"https:\/\/i0.wp.com\/cdnoticias.com\/wp-content\/uploads\/2022\/11\/juicio-valentina-gallina-cesar-garcia.jpg?fit=800%2C446&ssl=1","jetpack_sharing_enabled":true,"_links":{"self":[{"href":"https:\/\/cdnoticias.com\/index.php\/wp-json\/wp\/v2\/posts\/70733","targetHints":{"allow":["GET"]}}],"collection":[{"href":"https:\/\/cdnoticias.com\/index.php\/wp-json\/wp\/v2\/posts"}],"about":[{"href":"https:\/\/cdnoticias.com\/index.php\/wp-json\/wp\/v2\/types\/post"}],"author":[{"embeddable":true,"href":"https:\/\/cdnoticias.com\/index.php\/wp-json\/wp\/v2\/users\/4"}],"replies":[{"embeddable":true,"href":"https:\/\/cdnoticias.com\/index.php\/wp-json\/wp\/v2\/comments?post=70733"}],"version-history":[{"count":0,"href":"https:\/\/cdnoticias.com\/index.php\/wp-json\/wp\/v2\/posts\/70733\/revisions"}],"wp:featuredmedia":[{"embeddable":true,"href":"https:\/\/cdnoticias.com\/index.php\/wp-json\/wp\/v2\/media\/70726"}],"wp:attachment":[{"href":"https:\/\/cdnoticias.com\/index.php\/wp-json\/wp\/v2\/media?parent=70733"}],"wp:term":[{"taxonomy":"category","embeddable":true,"href":"https:\/\/cdnoticias.com\/index.php\/wp-json\/wp\/v2\/categories?post=70733"},{"taxonomy":"post_tag","embeddable":true,"href":"https:\/\/cdnoticias.com\/index.php\/wp-json\/wp\/v2\/tags?post=70733"}],"curies":[{"name":"wp","href":"https:\/\/api.w.org\/{rel}","templated":true}]}}