{"id":70727,"date":"2022-11-23T12:19:04","date_gmt":"2022-11-23T15:19:04","guid":{"rendered":"https:\/\/www.centraldenoticias.com.ar\/?p=70727"},"modified":"2022-11-23T17:33:40","modified_gmt":"2022-11-23T20:33:40","slug":"cooperativa-telefonica-de-loma-negra-estamos-en-una-situacion-limite","status":"publish","type":"post","link":"https:\/\/cdnoticias.com\/index.php\/2022\/11\/23\/cooperativa-telefonica-de-loma-negra-estamos-en-una-situacion-limite\/","title":{"rendered":"Cooperativa Telef\u00f3nica de Loma Negra: \u201cEstamos en una situaci\u00f3n l\u00edmite\u201d"},"content":{"rendered":"<p>As\u00ed lo manifestaron luego de una reuni\u00f3n con abonados. Alertaron sobre la comprometida situaci\u00f3n econ\u00f3mica y financiera de la instituci\u00f3n.<!--more--><\/p>\n<hr \/>\n<p>El Consejo de Administraci\u00f3n de Cooperativa Telef\u00f3nica de Loma Negra realiz\u00f3 una reuni\u00f3n informativa con sus <strong>abonados de telefon\u00eda fija e internet.<\/strong> Es la segunda oportunidad en los \u00faltimos a\u00f1os (la anterior fue en junio de 2019) donde se da una alerta sobre la comprometida situaci\u00f3n econ\u00f3mico-financiera de la instituci\u00f3n fundada en 1970.<\/p>\n<p>&nbsp;<\/p>\n<p>Despu\u00e9s de un largo intercambio de opiniones, algunos abonados asumieron el compromiso de <strong>iniciar una serie de reuniones (la primera ser\u00e1 este jueves), gestionar contactos con empresas del sector, as\u00ed como con autoridades municipales, provinciales y nacionales para intentar la continuidad de la tarea de la Cooperativa<\/strong> antes de comenzar con el traum\u00e1tico proceso de cierre.<\/p>\n<p>&nbsp;<\/p>\n<p>Por el Consejo estuvieron presentes Julio Zlemberger, Jos\u00e9 Mar\u00eda Rossetti, Jos\u00e9 Luis Das Vinhas y Marcelo L\u00f3pez. Adem\u00e1s de unos 60 socios, asistieron el Delegado Municipal en la localidad Gabriel Suburu, la delegada seccional del INAES (Instituto Nacional del Asociativismo y Econom\u00eda Social) Solange Rivarola.<\/p>\n<p>&nbsp;<\/p>\n<p><img data-recalc-dims=\"1\" loading=\"lazy\" decoding=\"async\" class=\"aligncenter size-full wp-image-70729\" src=\"https:\/\/i0.wp.com\/cdnoticias.com\/wp-content\/uploads\/2022\/11\/cooperativa-telefonica-loma-negra-02.jpeg?resize=800%2C480&#038;ssl=1\" alt=\"\" width=\"800\" height=\"480\" srcset=\"https:\/\/i0.wp.com\/cdnoticias.com\/wp-content\/uploads\/2022\/11\/cooperativa-telefonica-loma-negra-02.jpeg?w=1364&amp;ssl=1 1364w, https:\/\/i0.wp.com\/cdnoticias.com\/wp-content\/uploads\/2022\/11\/cooperativa-telefonica-loma-negra-02.jpeg?resize=300%2C180&amp;ssl=1 300w, https:\/\/i0.wp.com\/cdnoticias.com\/wp-content\/uploads\/2022\/11\/cooperativa-telefonica-loma-negra-02.jpeg?resize=1024%2C614&amp;ssl=1 1024w, https:\/\/i0.wp.com\/cdnoticias.com\/wp-content\/uploads\/2022\/11\/cooperativa-telefonica-loma-negra-02.jpeg?resize=768%2C461&amp;ssl=1 768w\" sizes=\"auto, (max-width: 800px) 100vw, 800px\" \/><\/p>\n<p>&nbsp;<\/p>\n<p>Durante algo m\u00e1s de una hora, los consejeros reiteraron informaci\u00f3n que vinieron ofreciendo en los \u00faltimos a\u00f1os sobre los <strong>inconvenientes\u00a0 economico-financieros de la entidad (hoy con 5 empleados)<\/strong>, derivados de poca demanda de la telefon\u00eda fija, asociada al congelamiento de tarifas que hubo durante a\u00f1os, los atrasos en cobrabilidad, el aumento permanente en los costos de los insumos que en su gran mayor\u00eda se cotizan en d\u00f3lares; los aumentos de los servicios de luz y gas; y los aumentos de sueldos, que llevaron a tener atrasos y nula inversi\u00f3n.<\/p>\n<p>&nbsp;<\/p>\n<p><strong>\u201cEstamos en una situaci\u00f3n l\u00edmite y necesitamos ayuda\u201d<\/strong>, afirmaron.<\/p>\n<p>&nbsp;<\/p>\n","protected":false},"excerpt":{"rendered":"<p>As\u00ed lo manifestaron luego de una reuni\u00f3n con abonados. Alertaron sobre la comprometida situaci\u00f3n econ\u00f3mica y financiera de la instituci\u00f3n.<\/p>\n","protected":false},"author":5,"featured_media":70728,"comment_status":"closed","ping_status":"closed","sticky":false,"template":"","format":"standard","meta":{"_jetpack_memberships_contains_paid_content":false,"footnotes":""},"categories":[5,1],"tags":[],"class_list":["post-70727","post","type-post","status-publish","format-standard","has-post-thumbnail","hentry","category-informacion-general","category-portada"],"jetpack_featured_media_url":"https:\/\/i0.wp.com\/cdnoticias.com\/wp-content\/uploads\/2022\/11\/cooperativa-telefonica-loma-negra-01.jpeg?fit=1500%2C900&ssl=1","jetpack_sharing_enabled":true,"_links":{"self":[{"href":"https:\/\/cdnoticias.com\/index.php\/wp-json\/wp\/v2\/posts\/70727","targetHints":{"allow":["GET"]}}],"collection":[{"href":"https:\/\/cdnoticias.com\/index.php\/wp-json\/wp\/v2\/posts"}],"about":[{"href":"https:\/\/cdnoticias.com\/index.php\/wp-json\/wp\/v2\/types\/post"}],"author":[{"embeddable":true,"href":"https:\/\/cdnoticias.com\/index.php\/wp-json\/wp\/v2\/users\/5"}],"replies":[{"embeddable":true,"href":"https:\/\/cdnoticias.com\/index.php\/wp-json\/wp\/v2\/comments?post=70727"}],"version-history":[{"count":0,"href":"https:\/\/cdnoticias.com\/index.php\/wp-json\/wp\/v2\/posts\/70727\/revisions"}],"wp:featuredmedia":[{"embeddable":true,"href":"https:\/\/cdnoticias.com\/index.php\/wp-json\/wp\/v2\/media\/70728"}],"wp:attachment":[{"href":"https:\/\/cdnoticias.com\/index.php\/wp-json\/wp\/v2\/media?parent=70727"}],"wp:term":[{"taxonomy":"category","embeddable":true,"href":"https:\/\/cdnoticias.com\/index.php\/wp-json\/wp\/v2\/categories?post=70727"},{"taxonomy":"post_tag","embeddable":true,"href":"https:\/\/cdnoticias.com\/index.php\/wp-json\/wp\/v2\/tags?post=70727"}],"curies":[{"name":"wp","href":"https:\/\/api.w.org\/{rel}","templated":true}]}}