{"id":70711,"date":"2022-11-23T16:19:58","date_gmt":"2022-11-23T19:19:58","guid":{"rendered":"https:\/\/www.centraldenoticias.com.ar\/?p=70711"},"modified":"2022-11-23T16:19:58","modified_gmt":"2022-11-23T19:19:58","slug":"homenaje-a-hebe-de-bonafini-en-olavarria","status":"publish","type":"post","link":"https:\/\/cdnoticias.com\/index.php\/2022\/11\/23\/homenaje-a-hebe-de-bonafini-en-olavarria\/","title":{"rendered":"Homenaje a Hebe de Bonafini en Olavarr\u00eda"},"content":{"rendered":"<p>Ser\u00e1 este jueves 24 de noviembre desde las 18:00 en la Plaza Central. Organizaciones sociales y pol\u00edticas se reunir\u00e1n para recordar la lucha de la cofundadora de Madres de Plaza de Mayo. <!--more--><\/p>\n<hr \/>\n<p>Convocados por la Comisi\u00f3n por la Memoria, distintas organizaciones sociales y pol\u00edticas se reunir\u00e1n para <strong>homenajear a Hebe de Bonafini, cofundadora de Madres de Plaza de Mayo<\/strong>, quien <a href=\"https:\/\/cdnoticias.com\/index.php\/2022\/11\/20\/murio-hebe-de-bonafini\/\" target=\"_blank\" rel=\"noopener\">falleci\u00f3 el pasado domingo.<\/a><\/p>\n<p>&nbsp;<\/p>\n<p>La actividad ser\u00e1 este <strong>jueves 24 de noviembre desde las 18:00 en la Plaza Central de Olavarr\u00eda.<\/strong> \u201cLlevaremos el nombre y la lucha de Hebe a cada ronda de todas las plazas por la Memoria, la Verdad y la Justicia\u201d, indicaron.<\/p>\n<p>&nbsp;<\/p>\n<p>Hebe de Bonafini, hist\u00f3rica referente y titular de Madres de Plaza de Mayo, falleci\u00f3 este domingo en el Hospital Italiano de la ciudad de La Plata a los 93 a\u00f1os de edad.<\/p>\n<p>&nbsp;<\/p>\n<p>Naci\u00f3 el 4 de diciembre de 1928 en la ciudad de Ensenada con el nombre de Hebe Pastor y a los 14 a\u00f1os se cas\u00f3 con Humberto Alfredo Bonafini, con quien tuvo tres hijos: Jorge Omar, Ra\u00fal Alfredo y Mar\u00eda Alejandra.<\/p>\n<p>&nbsp;<\/p>\n<p>Jorge Omar y Ra\u00fal Alfredo y su nuera Mar\u00eda Elena Bugnone Cepeda fueron desaparecidos por la dictadura c\u00edvico-militar que gobern\u00f3 la Argentina entre 1976 y 1983.<\/p>\n<p>&nbsp;<\/p>\n<p>Hebe fue una de las <strong>cofundadoras de Madres de Plaza de Mayo<\/strong>, la organizaci\u00f3n que re\u00fane a madres de detenidos desaparecidos desde el a\u00f1o 1977 y que presidi\u00f3 desde 1979. Madres se dividi\u00f3 en 1986 entre Asociaci\u00f3n Madres de Plaza de Mayo, que sigui\u00f3 siendo presidida por Bonafini, y Madres de Plaza de Mayo L\u00ednea Fundadora.<\/p>\n","protected":false},"excerpt":{"rendered":"<p>Ser\u00e1 este jueves 24 de noviembre desde las 18:00 en la Plaza Central. Organizaciones sociales y pol\u00edticas se reunir\u00e1n para<\/p>\n","protected":false},"author":5,"featured_media":70460,"comment_status":"closed","ping_status":"closed","sticky":false,"template":"","format":"standard","meta":{"_jetpack_memberships_contains_paid_content":false,"footnotes":""},"categories":[4,1],"tags":[],"class_list":["post-70711","post","type-post","status-publish","format-standard","has-post-thumbnail","hentry","category-politica","category-portada"],"jetpack_featured_media_url":"https:\/\/i0.wp.com\/cdnoticias.com\/wp-content\/uploads\/2022\/11\/hebe-de-bonafini-00.jpg?fit=800%2C445&ssl=1","jetpack_sharing_enabled":true,"_links":{"self":[{"href":"https:\/\/cdnoticias.com\/index.php\/wp-json\/wp\/v2\/posts\/70711","targetHints":{"allow":["GET"]}}],"collection":[{"href":"https:\/\/cdnoticias.com\/index.php\/wp-json\/wp\/v2\/posts"}],"about":[{"href":"https:\/\/cdnoticias.com\/index.php\/wp-json\/wp\/v2\/types\/post"}],"author":[{"embeddable":true,"href":"https:\/\/cdnoticias.com\/index.php\/wp-json\/wp\/v2\/users\/5"}],"replies":[{"embeddable":true,"href":"https:\/\/cdnoticias.com\/index.php\/wp-json\/wp\/v2\/comments?post=70711"}],"version-history":[{"count":0,"href":"https:\/\/cdnoticias.com\/index.php\/wp-json\/wp\/v2\/posts\/70711\/revisions"}],"wp:featuredmedia":[{"embeddable":true,"href":"https:\/\/cdnoticias.com\/index.php\/wp-json\/wp\/v2\/media\/70460"}],"wp:attachment":[{"href":"https:\/\/cdnoticias.com\/index.php\/wp-json\/wp\/v2\/media?parent=70711"}],"wp:term":[{"taxonomy":"category","embeddable":true,"href":"https:\/\/cdnoticias.com\/index.php\/wp-json\/wp\/v2\/categories?post=70711"},{"taxonomy":"post_tag","embeddable":true,"href":"https:\/\/cdnoticias.com\/index.php\/wp-json\/wp\/v2\/tags?post=70711"}],"curies":[{"name":"wp","href":"https:\/\/api.w.org\/{rel}","templated":true}]}}