{"id":70697,"date":"2022-11-23T08:49:32","date_gmt":"2022-11-23T11:49:32","guid":{"rendered":"https:\/\/www.centraldenoticias.com.ar\/?p=70697"},"modified":"2022-11-23T10:43:53","modified_gmt":"2022-11-23T13:43:53","slug":"presentaron-un-proyecto-de-pension-para-personas-trans-victimas-de-violencia-institucional","status":"publish","type":"post","link":"https:\/\/cdnoticias.com\/index.php\/2022\/11\/23\/presentaron-un-proyecto-de-pension-para-personas-trans-victimas-de-violencia-institucional\/","title":{"rendered":"Presentaron un proyecto de pensi\u00f3n para personas trans v\u00edctimas de violencia institucional"},"content":{"rendered":"<p>Establece la creaci\u00f3n de una pensi\u00f3n \u201cgraciable, mensual y vitalicia\u201d para las v\u00edctimas de violencia institucional por motivos de g\u00e9nero de la provincia de Buenos Aires. C\u00e9sar Valicenti particip\u00f3 de la presentaci\u00f3n.<!--more--><\/p>\n<hr \/>\n<p>El diputado provincial y presidente del bloque del Frente de Todos C\u00e9sar Valicenti present\u00f3 junto con la ministra de Mujeres, Pol\u00edticas de G\u00e9nero y Diversidad Sexual Estela D\u00edaz un <strong>proyecto de ley de Reparaci\u00f3n para Personas Travesti Trans<\/strong> que hayan sido d<strong>etenidas, privadas de su libertad, sancionadas o penadas con multas por causas relacionadas con su identidad de g\u00e9nero.<\/strong><\/p>\n<p>&nbsp;<\/p>\n<p>Seg\u00fan indic\u00f3 Valicenti, la iniciativa busca reparar desde el Estado provincial a las personas travestis y trans, mayores de 40 a\u00f1os que hayan sido v\u00edctimas de violencia institucional reconoci\u00e9ndolas a trav\u00e9s de una <strong>pensi\u00f3n graciable y una cobertura m\u00e9dica de IOMA.<\/strong><\/p>\n<p>&nbsp;<\/p>\n<p>Asimismo, el diputado sostuvo que <strong>\u201cesta legislaci\u00f3n surge como demanda del colectivo LGBTIQ+ ante contextos de hostigamiento, discriminaci\u00f3n, criminalizaci\u00f3n y discursos de odio\u201d<\/strong> y agreg\u00f3 que \u201ca trav\u00e9s de estas pol\u00edticas reparatorias, queremos construir derechos para garantizar una sociedad m\u00e1s democr\u00e1tica, respetuosa y diversa\u201d.<\/p>\n<p>&nbsp;<\/p>\n<p><img data-recalc-dims=\"1\" loading=\"lazy\" decoding=\"async\" class=\"aligncenter size-full wp-image-70699\" src=\"https:\/\/i0.wp.com\/cdnoticias.com\/wp-content\/uploads\/2022\/11\/FiMq24mWYAACna9.jpeg?resize=800%2C480&#038;ssl=1\" alt=\"\" width=\"800\" height=\"480\" srcset=\"https:\/\/i0.wp.com\/cdnoticias.com\/wp-content\/uploads\/2022\/11\/FiMq24mWYAACna9.jpeg?w=1280&amp;ssl=1 1280w, https:\/\/i0.wp.com\/cdnoticias.com\/wp-content\/uploads\/2022\/11\/FiMq24mWYAACna9.jpeg?resize=300%2C180&amp;ssl=1 300w, https:\/\/i0.wp.com\/cdnoticias.com\/wp-content\/uploads\/2022\/11\/FiMq24mWYAACna9.jpeg?resize=1024%2C614&amp;ssl=1 1024w, https:\/\/i0.wp.com\/cdnoticias.com\/wp-content\/uploads\/2022\/11\/FiMq24mWYAACna9.jpeg?resize=768%2C461&amp;ssl=1 768w\" sizes=\"auto, (max-width: 800px) 100vw, 800px\" \/><\/p>\n<p>&nbsp;<\/p>\n<p>Por su parte, la <strong>ministra de la Mujeres<\/strong> sostuvo que \u201cla poblaci\u00f3n travesti trans es de la que m\u00e1s discriminaci\u00f3n sufri\u00f3 en diversos \u00e1mbitos, adem\u00e1s de la violencia institucional\u201d. <strong>\u201cEra necesario reconocer la violencia que viene ejerciendo el Estado sistem\u00e1ticamente contra determinados cuerpos que ponen en cuesti\u00f3n los mandatos dominantes<\/strong>\u201d, advirti\u00f3.<\/p>\n<p>&nbsp;<\/p>\n<p>\u201cNuestra provincia tiene casos de reparaci\u00f3n de derechos, c\u00f3mo paso con los excombatientes de Malvinas o los presos pol\u00edticos. Est\u00e1 pensi\u00f3n no tiene casi incompatibilidades, solo con otros beneficios de este tipo. Es una legislaci\u00f3n muy simple. En 2020 hubo un proyecto similar de Florencia Saintout que obtuvo dictamen de comisiones. <strong>Es una ley que se pide hace muchos a\u00f1os<\/strong>\u201d, resalt\u00f3 D\u00edaz.<\/p>\n<p>&nbsp;<\/p>\n<p>\u201cEste es un camino largo que incluye la reparaci\u00f3n. Es importante marcar la continuidad. <strong>Actualmente tenemos casi 3.500 compa\u00f1eras trans que est\u00e1n recibiendo asistencia alimentaria.<\/strong> Su situaci\u00f3n es fruto de una marginaci\u00f3n hist\u00f3rica. Esperemos que tenga un tr\u00e1mite r\u00e1pido por la Legislatura bonaerense\u201d, agreg\u00f3 la subsecretaria Luc\u00eda Portos.<\/p>\n<p>&nbsp;<\/p>\n<blockquote class=\"twitter-tweet\" data-width=\"550\" data-dnt=\"true\">\n<p lang=\"es\" dir=\"ltr\">Esta legislaci\u00f3n surge como demanda del colectivo LGBTIQ+ ante contextos de hostigamiento, discriminaci\u00f3n, criminalizaci\u00f3n y discursos de odio. A trav\u00e9s de estas pol\u00edticas reparatorias, queremos construir derechos para garantizar una sociedad m\u00e1s democr\u00e1tica, respetuosa y diversa <a href=\"https:\/\/t.co\/JDgOe1MA2F\">pic.twitter.com\/JDgOe1MA2F<\/a><\/p>\n<p>&mdash; Cesar Valicenti (@CesarValicenti) <a href=\"https:\/\/twitter.com\/CesarValicenti\/status\/1595165845730496512?ref_src=twsrc%5Etfw\">November 22, 2022<\/a><\/p><\/blockquote>\n<p><script async src=\"https:\/\/platform.twitter.com\/widgets.js\" charset=\"utf-8\"><\/script><\/p>\n<p>&nbsp;<\/p>\n<p><strong>Caracter\u00edsticas del proyecto<\/strong><\/p>\n<p>&nbsp;<\/p>\n<p>Seg\u00fan el articulado, los montos de la pensi\u00f3n trans para v\u00edctimas de violencia institucional \u201cser\u00e1 equivalente a <strong>3 sueldos b\u00e1sicos<\/strong> de la categor\u00eda ingresantes del agrupamiento administrativo \u2013 Clase 4 -, o la que en el futuro la reemplace, de la escala salarial de la Ley N\u00b0 10.430, con r\u00e9gimen de 30 horas semanales de labor\u201d.<\/p>\n<p>&nbsp;<\/p>\n<p>\u201cSe fija con car\u00e1cter permanente una bonificaci\u00f3n extraordinaria para los beneficiarios de las pensiones, la que se abonar\u00e1 en 2 cuotas semestrales, cada una de ellas calculada sobre la base del 50 por ciento de la mayor remuneraci\u00f3n devengada dentro de los semestres que culminen en los meses de junio y diciembre de cada a\u00f1o\u201d, a\u00f1ade el texto.<\/p>\n<p>&nbsp;<\/p>\n<p>Sin embargo, el proyecto de la pensi\u00f3n trans para v\u00edctimas de violencia institucional establece <strong>dos montos m\u00e1s altos<\/strong> en los casos de que las personas beneficiarias hayan sufrido lesiones grav\u00edsimas, ser\u00e1 de un 30% m\u00e1s, o posean alg\u00fan tipo de discapacidad, ser\u00e1 de un 50% m\u00e1s.<\/p>\n<p>&nbsp;<\/p>\n<p>En tanto, la iniciativa de pensi\u00f3n trans para v\u00edctimas de violencia institucional establece que las personas beneficiarias gozar\u00e1n de las mismas coberturas que otorga el<strong> Instituto de Obra M\u00e9dico Asistencial (IOMA)<\/strong> a todas las personas pensionadas del Instituto de Previsi\u00f3n Social, a partir del primer d\u00eda del mes siguiente al otorgamiento\u201d.<\/p>\n","protected":false},"excerpt":{"rendered":"<p>Establece la creaci\u00f3n de una pensi\u00f3n \u201cgraciable, mensual y vitalicia\u201d para las v\u00edctimas de violencia institucional por motivos de g\u00e9nero<\/p>\n","protected":false},"author":5,"featured_media":70698,"comment_status":"closed","ping_status":"closed","sticky":false,"template":"","format":"standard","meta":{"_jetpack_memberships_contains_paid_content":false,"footnotes":""},"categories":[3,1],"tags":[],"class_list":["post-70697","post","type-post","status-publish","format-standard","has-post-thumbnail","hentry","category-genero","category-portada"],"jetpack_featured_media_url":"https:\/\/i0.wp.com\/cdnoticias.com\/wp-content\/uploads\/2022\/11\/FiMq2TsXkAAjJIQ.jpeg?fit=1280%2C768&ssl=1","jetpack_sharing_enabled":true,"_links":{"self":[{"href":"https:\/\/cdnoticias.com\/index.php\/wp-json\/wp\/v2\/posts\/70697","targetHints":{"allow":["GET"]}}],"collection":[{"href":"https:\/\/cdnoticias.com\/index.php\/wp-json\/wp\/v2\/posts"}],"about":[{"href":"https:\/\/cdnoticias.com\/index.php\/wp-json\/wp\/v2\/types\/post"}],"author":[{"embeddable":true,"href":"https:\/\/cdnoticias.com\/index.php\/wp-json\/wp\/v2\/users\/5"}],"replies":[{"embeddable":true,"href":"https:\/\/cdnoticias.com\/index.php\/wp-json\/wp\/v2\/comments?post=70697"}],"version-history":[{"count":0,"href":"https:\/\/cdnoticias.com\/index.php\/wp-json\/wp\/v2\/posts\/70697\/revisions"}],"wp:featuredmedia":[{"embeddable":true,"href":"https:\/\/cdnoticias.com\/index.php\/wp-json\/wp\/v2\/media\/70698"}],"wp:attachment":[{"href":"https:\/\/cdnoticias.com\/index.php\/wp-json\/wp\/v2\/media?parent=70697"}],"wp:term":[{"taxonomy":"category","embeddable":true,"href":"https:\/\/cdnoticias.com\/index.php\/wp-json\/wp\/v2\/categories?post=70697"},{"taxonomy":"post_tag","embeddable":true,"href":"https:\/\/cdnoticias.com\/index.php\/wp-json\/wp\/v2\/tags?post=70697"}],"curies":[{"name":"wp","href":"https:\/\/api.w.org\/{rel}","templated":true}]}}