{"id":70620,"date":"2022-11-23T13:13:58","date_gmt":"2022-11-23T16:13:58","guid":{"rendered":"https:\/\/www.centraldenoticias.com.ar\/?p=70620"},"modified":"2022-11-23T13:13:58","modified_gmt":"2022-11-23T16:13:58","slug":"dia-no-laborable-para-la-administracion-publica-municipal","status":"publish","type":"post","link":"https:\/\/cdnoticias.com\/index.php\/2022\/11\/23\/dia-no-laborable-para-la-administracion-publica-municipal\/","title":{"rendered":"\u201cD\u00eda no laborable\u201d para la administraci\u00f3n p\u00fablica municipal"},"content":{"rendered":"<p>Ser\u00e1 este viernes 25 de noviembre con motivo del Aniversario de Olavarr\u00eda.<!--more--><\/p>\n<hr \/>\n<p>El pr\u00f3ximo <strong>viernes 25 de noviembre<\/strong> fue <strong>declarado como \u201cD\u00eda No Laborable<\/strong>\u201d con motivo de la<strong> conmemoraci\u00f3n del 155\u00b0 Aniversario de Olavarr\u00eda<\/strong>.<\/p>\n<p>&nbsp;<\/p>\n<p>La medida se enmarca en el Decreto Municipal 5205 y <strong>alcanza a la administraci\u00f3n p\u00fablica municipal.<\/strong> En el documento oficial se expres\u00f3 adem\u00e1s que fueron declarados como de Inter\u00e9s Municipal los actos a realizarse en la jornada del pr\u00f3ximo viernes, tanto del \u00e1mbito p\u00fablico como privado, con motivo del mencionado aniversario.<\/p>\n<p>&nbsp;<\/p>\n<p>A la par, se encuentra la Resoluci\u00f3n 695\/22 del Ministerio de Gobierno de la Provincia de Buenos Aires, que declara como <strong>\u201cD\u00eda No Laborable<\/strong>\u201d para la Administraci\u00f3n P\u00fablica y Banco de la Provincia de Buenos Aires, y como <strong>\u201cFeriado Optativo<\/strong>\u201d para la industria, comercio y restantes actividades que se desarrollen el 25 de noviembre.<\/p>\n<p>&nbsp;<\/p>\n<p>Se aclar\u00f3, por \u00faltimo, que se garantizar\u00e1 el mantenimiento de los servicios esenciales de la Municipalidad de Olavarr\u00eda.<\/p>\n","protected":false},"excerpt":{"rendered":"<p>Ser\u00e1 este viernes 25 de noviembre con motivo del Aniversario de Olavarr\u00eda.<\/p>\n","protected":false},"author":6,"featured_media":50372,"comment_status":"closed","ping_status":"closed","sticky":false,"template":"","format":"standard","meta":{"_jetpack_memberships_contains_paid_content":false,"footnotes":""},"categories":[5,1],"tags":[],"class_list":["post-70620","post","type-post","status-publish","format-standard","has-post-thumbnail","hentry","category-informacion-general","category-portada"],"jetpack_featured_media_url":"https:\/\/i0.wp.com\/cdnoticias.com\/wp-content\/uploads\/2022\/03\/Palacio-Municipal-San-Martin-drone-Olavarria-Municipalidad.jpg?fit=800%2C445&ssl=1","jetpack_sharing_enabled":true,"_links":{"self":[{"href":"https:\/\/cdnoticias.com\/index.php\/wp-json\/wp\/v2\/posts\/70620","targetHints":{"allow":["GET"]}}],"collection":[{"href":"https:\/\/cdnoticias.com\/index.php\/wp-json\/wp\/v2\/posts"}],"about":[{"href":"https:\/\/cdnoticias.com\/index.php\/wp-json\/wp\/v2\/types\/post"}],"author":[{"embeddable":true,"href":"https:\/\/cdnoticias.com\/index.php\/wp-json\/wp\/v2\/users\/6"}],"replies":[{"embeddable":true,"href":"https:\/\/cdnoticias.com\/index.php\/wp-json\/wp\/v2\/comments?post=70620"}],"version-history":[{"count":0,"href":"https:\/\/cdnoticias.com\/index.php\/wp-json\/wp\/v2\/posts\/70620\/revisions"}],"wp:featuredmedia":[{"embeddable":true,"href":"https:\/\/cdnoticias.com\/index.php\/wp-json\/wp\/v2\/media\/50372"}],"wp:attachment":[{"href":"https:\/\/cdnoticias.com\/index.php\/wp-json\/wp\/v2\/media?parent=70620"}],"wp:term":[{"taxonomy":"category","embeddable":true,"href":"https:\/\/cdnoticias.com\/index.php\/wp-json\/wp\/v2\/categories?post=70620"},{"taxonomy":"post_tag","embeddable":true,"href":"https:\/\/cdnoticias.com\/index.php\/wp-json\/wp\/v2\/tags?post=70620"}],"curies":[{"name":"wp","href":"https:\/\/api.w.org\/{rel}","templated":true}]}}