{"id":70612,"date":"2022-11-22T17:18:00","date_gmt":"2022-11-22T20:18:00","guid":{"rendered":"https:\/\/www.centraldenoticias.com.ar\/?p=70612"},"modified":"2022-11-23T07:59:51","modified_gmt":"2022-11-23T10:59:51","slug":"robo-en-una-fiambreria-y-fue-encontrado-a-las-pocas-cuadras-fue-aprehendido","status":"publish","type":"post","link":"https:\/\/cdnoticias.com\/index.php\/2022\/11\/22\/robo-en-una-fiambreria-y-fue-encontrado-a-las-pocas-cuadras-fue-aprehendido\/","title":{"rendered":"Rob\u00f3 en una fiambrer\u00eda y fue encontrado a las pocas cuadras: fue aprehendido"},"content":{"rendered":"<p>El hecho se produjo en la jornada del lunes en Col\u00f3n al 3700. Hab\u00eda robado a un empleado dinero en efectivo. <!--more--><\/p>\n<hr \/>\n<p>En la jornada del lunes feriado, <strong>un hombre fue aprehendido tras robar dinero en efectivo de una fiambrer\u00eda en Col\u00f3n al 3700 y ser atrapado a algunas cuadras luego de una persecuci\u00f3n y un operativo cerrojo.<\/strong><\/p>\n<p>&nbsp;<\/p>\n<p>Seg\u00fan se logr\u00f3 saber, el hecho se produjo en el local comercial ubicado en la avenida cuando<strong>, mediante la amenaza con un cuchillo, le rob\u00f3 al empleado del lugar dinero en efectivo.<\/strong><\/p>\n<p>&nbsp;<\/p>\n<p>Luego de dar aviso a la polic\u00eda notificando del hecho<strong>, personal de Comisar\u00eda Segunda y Polic\u00eda Local realizaron una persecuci\u00f3n y operativo cerrojo para dar con el hombre. Fue interceptado en Sargento Cabral al 3900<\/strong> minutos despu\u00e9s del robo.<\/p>\n<p>&nbsp;<\/p>\n<p>Fue aprehendido y trasladado a la sede de Comisar\u00eda Segunda, donde qued\u00f3 a disposici\u00f3n de la fiscal en turno, la doctora Paula Serrano, y enfrentar\u00e1 cargos por <em><strong>\u201cRobo agravado por el uso de armas in fraganti delito\u201d.<\/strong><\/em><\/p>\n","protected":false},"excerpt":{"rendered":"<p>El hecho se produjo en la jornada del lunes en Col\u00f3n al 3700. Hab\u00eda robado a un empleado dinero en<\/p>\n","protected":false},"author":2,"featured_media":70613,"comment_status":"closed","ping_status":"closed","sticky":false,"template":"","format":"standard","meta":{"_jetpack_memberships_contains_paid_content":false,"footnotes":""},"categories":[14,1],"tags":[],"class_list":["post-70612","post","type-post","status-publish","format-standard","has-post-thumbnail","hentry","category-policiales","category-portada"],"jetpack_featured_media_url":"https:\/\/i0.wp.com\/cdnoticias.com\/wp-content\/uploads\/2022\/11\/WhatsApp-Image-2022-11-22-at-14.09.02.jpeg?fit=1600%2C1200&ssl=1","jetpack_sharing_enabled":true,"_links":{"self":[{"href":"https:\/\/cdnoticias.com\/index.php\/wp-json\/wp\/v2\/posts\/70612","targetHints":{"allow":["GET"]}}],"collection":[{"href":"https:\/\/cdnoticias.com\/index.php\/wp-json\/wp\/v2\/posts"}],"about":[{"href":"https:\/\/cdnoticias.com\/index.php\/wp-json\/wp\/v2\/types\/post"}],"author":[{"embeddable":true,"href":"https:\/\/cdnoticias.com\/index.php\/wp-json\/wp\/v2\/users\/2"}],"replies":[{"embeddable":true,"href":"https:\/\/cdnoticias.com\/index.php\/wp-json\/wp\/v2\/comments?post=70612"}],"version-history":[{"count":0,"href":"https:\/\/cdnoticias.com\/index.php\/wp-json\/wp\/v2\/posts\/70612\/revisions"}],"wp:featuredmedia":[{"embeddable":true,"href":"https:\/\/cdnoticias.com\/index.php\/wp-json\/wp\/v2\/media\/70613"}],"wp:attachment":[{"href":"https:\/\/cdnoticias.com\/index.php\/wp-json\/wp\/v2\/media?parent=70612"}],"wp:term":[{"taxonomy":"category","embeddable":true,"href":"https:\/\/cdnoticias.com\/index.php\/wp-json\/wp\/v2\/categories?post=70612"},{"taxonomy":"post_tag","embeddable":true,"href":"https:\/\/cdnoticias.com\/index.php\/wp-json\/wp\/v2\/tags?post=70612"}],"curies":[{"name":"wp","href":"https:\/\/api.w.org\/{rel}","templated":true}]}}