{"id":70561,"date":"2022-11-21T18:42:42","date_gmt":"2022-11-21T21:42:42","guid":{"rendered":"https:\/\/www.centraldenoticias.com.ar\/?p=70561"},"modified":"2022-11-21T18:42:42","modified_gmt":"2022-11-21T21:42:42","slug":"una-joven-oriunda-de-olavarria-fallecio-en-un-accidente-en-el-sur-del-pais","status":"publish","type":"post","link":"https:\/\/cdnoticias.com\/index.php\/2022\/11\/21\/una-joven-oriunda-de-olavarria-fallecio-en-un-accidente-en-el-sur-del-pais\/","title":{"rendered":"Una joven oriunda de Olavarr\u00eda falleci\u00f3 en un accidente en el sur del pa\u00eds"},"content":{"rendered":"<p>Estaba radicada en Ushuaia desde hace varios a\u00f1os. Sufri\u00f3 un violento accidente en Garayalde, Comodoro Rivadavia. <!--more--><\/p>\n<hr \/>\n<p>En la ma\u00f1ana de este lunes, <strong>un violento accidente en ruta 3, a la altura de Garayalde, Comodoro Rivadavia, se cobr\u00f3 la vida de una joven radicada en Ushuaia pero oriunda de Olavarr\u00eda.<\/strong><\/p>\n<p>&nbsp;<\/p>\n<p>El hecho se produjo a la altura del Km. 1.621 de la RN 3, entre Garayalde y el paraje Uzcud\u00fam, <strong>cuando un autom\u00f3vil Renault Clio volc\u00f3 \u2013por causas que se intentan esclarecer- y qued\u00f3 sobre la cinta asf\u00e1ltica, en uno de los carriles.<\/strong><\/p>\n<p>&nbsp;<\/p>\n<p>La violencia del siniestro vial fue tan importante que<strong> la \u00fanica ocupante, identificada como Ailin Rayen Rold\u00e1n de 33 a\u00f1os, falleci\u00f3 en el lugar.<\/strong> Estaba domiciliada en la ciudad de Ushuaia, provincia de Tierra del Fuego.<\/p>\n<p>&nbsp;<\/p>\n<p>Lo que se logr\u00f3 saber, seg\u00fan inform\u00f3 el portal <strong>Cr\u00f3nica de Comodoro Rivadavia<\/strong>, es que se desplazaba en sentido norte sur y que al lugar llegaron fuerzas de seguridad y de salud que constataron el lamentable fallecimiento.<\/p>\n<p>&nbsp;<\/p>\n<p>Tambi\u00e9n intervino la <strong>Divisi\u00f3n Criminal\u00edstica que descart\u00f3 indicios de un segundo auto involucrado.<\/strong><\/p>\n","protected":false},"excerpt":{"rendered":"<p>Estaba radicada en Ushuaia desde hace varios a\u00f1os. Sufri\u00f3 un violento accidente en Garayalde, Comodoro Rivadavia.<\/p>\n","protected":false},"author":2,"featured_media":70562,"comment_status":"closed","ping_status":"closed","sticky":false,"template":"","format":"standard","meta":{"_jetpack_memberships_contains_paid_content":false,"footnotes":""},"categories":[14,1],"tags":[],"class_list":["post-70561","post","type-post","status-publish","format-standard","has-post-thumbnail","hentry","category-policiales","category-portada"],"jetpack_featured_media_url":"https:\/\/i0.wp.com\/cdnoticias.com\/wp-content\/uploads\/2022\/11\/sm-1.jpg?fit=768%2C535&ssl=1","jetpack_sharing_enabled":true,"_links":{"self":[{"href":"https:\/\/cdnoticias.com\/index.php\/wp-json\/wp\/v2\/posts\/70561","targetHints":{"allow":["GET"]}}],"collection":[{"href":"https:\/\/cdnoticias.com\/index.php\/wp-json\/wp\/v2\/posts"}],"about":[{"href":"https:\/\/cdnoticias.com\/index.php\/wp-json\/wp\/v2\/types\/post"}],"author":[{"embeddable":true,"href":"https:\/\/cdnoticias.com\/index.php\/wp-json\/wp\/v2\/users\/2"}],"replies":[{"embeddable":true,"href":"https:\/\/cdnoticias.com\/index.php\/wp-json\/wp\/v2\/comments?post=70561"}],"version-history":[{"count":0,"href":"https:\/\/cdnoticias.com\/index.php\/wp-json\/wp\/v2\/posts\/70561\/revisions"}],"wp:featuredmedia":[{"embeddable":true,"href":"https:\/\/cdnoticias.com\/index.php\/wp-json\/wp\/v2\/media\/70562"}],"wp:attachment":[{"href":"https:\/\/cdnoticias.com\/index.php\/wp-json\/wp\/v2\/media?parent=70561"}],"wp:term":[{"taxonomy":"category","embeddable":true,"href":"https:\/\/cdnoticias.com\/index.php\/wp-json\/wp\/v2\/categories?post=70561"},{"taxonomy":"post_tag","embeddable":true,"href":"https:\/\/cdnoticias.com\/index.php\/wp-json\/wp\/v2\/tags?post=70561"}],"curies":[{"name":"wp","href":"https:\/\/api.w.org\/{rel}","templated":true}]}}