{"id":7051,"date":"2020-11-20T20:57:34","date_gmt":"2020-11-20T23:57:34","guid":{"rendered":"http:\/\/www.centraldenoticias.com.ar\/?p=7051"},"modified":"2020-11-20T20:57:34","modified_gmt":"2020-11-20T23:57:34","slug":"barrio-de-trabajadores-mineros-queremos-gastar-hasta-los-ultimos-cartuchos","status":"publish","type":"post","link":"https:\/\/cdnoticias.com\/index.php\/2020\/11\/20\/barrio-de-trabajadores-mineros-queremos-gastar-hasta-los-ultimos-cartuchos\/","title":{"rendered":"Barrio de trabajadores mineros: \u201cqueremos gastar hasta los \u00faltimos cartuchos\u201d"},"content":{"rendered":"<p>El secretario general de AOMA explic\u00f3 la demora que tiene la importante obra de 80 viviendas para trabajadores. Se\u00f1al\u00f3 que entiende \u201cel des\u00e1nimo\u201d pero que buscar\u00e1n agilizar las gestiones en el Instituto de la Vivienda.<!--more--><\/p>\n<hr \/>\n<p>Es, quiz\u00e1s, uno de los anuncios m\u00e1s importantes desde que es Secretario General.<strong> En febrero de 2017 se anunciaba un ambicioso proyecto de construcci\u00f3n de 80 viviendas para los trabajadores mineros afiliados a AOMA.<\/strong> La demora, los contratiempos y el contexto hicieron que, hasta el d\u00eda de la fecha, no haya una respuesta clara con su continuaci\u00f3n.<\/p>\n<p>&nbsp;<\/p>\n<p><strong>Alejandro Santill\u00e1n tom\u00f3 la iniciativa de explicar y mostrar su preocupaci\u00f3n por esta dilataci\u00f3n del tiempo sin respuestas<\/strong>: <em>\u201cnos preocupa. Venimos estancados. Vamos a empezar a tener reuniones, buscando alternativas, de esas 120 familias que varias han terminado de pagar el lote, otras que vienen al d\u00eda y otras vienen retrasadas que es entendible, porque al no ver que la obra empieza a realizarse es como que la familia est\u00e1 desanimada\u201d.<\/em><\/p>\n<p><iframe loading=\"lazy\" src=\"https:\/\/www.youtube.com\/embed\/dGqU-ceZIlo\" width=\"560\" height=\"315\" frameborder=\"0\" allowfullscreen=\"allowfullscreen\"><\/iframe><\/p>\n<p>&nbsp;<\/p>\n<blockquote><p>En este sentido, se\u00f1al\u00f3 que buscar\u00e1n alternativas \u201ca corto, mediano plazo\u201d gestionando mediante el Instituto de la Vivienda. \u201cqueremos gastar hasta los \u00faltimos cartuchos de volver a sentarnos con el coordinador del Instituto para ver por qu\u00e9 no est\u00e1 saliendo ese plan que necesitamos\u201d.<\/p><\/blockquote>\n<p>&nbsp;<\/p>\n<p>La situaci\u00f3n, hoy, es que los lotes<strong><em> \u201cest\u00e1n cedidos, tenemos todos los servicios, y si no le tendremos que encontrar una alternativa. Estamos un poco en \u2018silencio radio\u2019 como decimos vulgarmente\u201d<\/em><\/strong>. Confirm\u00f3, en este sentido, que a la brevedad<em> \u201cllamaremos de a 10, 15 compa\u00f1eros para convocarlos y explicarles la situaci\u00f3n, y cu\u00e1les son las otras opciones que tenemos en caso de que no tengamos respuesta a corto o mediano plazo\u201d.<\/em><\/p>\n","protected":false},"excerpt":{"rendered":"<p>El secretario general de AOMA explic\u00f3 la demora que tiene la importante obra de 80 viviendas para trabajadores. Se\u00f1al\u00f3 que<\/p>\n","protected":false},"author":5,"featured_media":7052,"comment_status":"closed","ping_status":"closed","sticky":false,"template":"","format":"standard","meta":{"_jetpack_memberships_contains_paid_content":false,"footnotes":""},"categories":[4,1],"tags":[],"class_list":["post-7051","post","type-post","status-publish","format-standard","has-post-thumbnail","hentry","category-politica","category-portada"],"jetpack_featured_media_url":"https:\/\/i0.wp.com\/cdnoticias.com\/wp-content\/uploads\/2020\/11\/viviendas-aoma.jpg?fit=696%2C405&ssl=1","jetpack_sharing_enabled":true,"_links":{"self":[{"href":"https:\/\/cdnoticias.com\/index.php\/wp-json\/wp\/v2\/posts\/7051","targetHints":{"allow":["GET"]}}],"collection":[{"href":"https:\/\/cdnoticias.com\/index.php\/wp-json\/wp\/v2\/posts"}],"about":[{"href":"https:\/\/cdnoticias.com\/index.php\/wp-json\/wp\/v2\/types\/post"}],"author":[{"embeddable":true,"href":"https:\/\/cdnoticias.com\/index.php\/wp-json\/wp\/v2\/users\/5"}],"replies":[{"embeddable":true,"href":"https:\/\/cdnoticias.com\/index.php\/wp-json\/wp\/v2\/comments?post=7051"}],"version-history":[{"count":0,"href":"https:\/\/cdnoticias.com\/index.php\/wp-json\/wp\/v2\/posts\/7051\/revisions"}],"wp:featuredmedia":[{"embeddable":true,"href":"https:\/\/cdnoticias.com\/index.php\/wp-json\/wp\/v2\/media\/7052"}],"wp:attachment":[{"href":"https:\/\/cdnoticias.com\/index.php\/wp-json\/wp\/v2\/media?parent=7051"}],"wp:term":[{"taxonomy":"category","embeddable":true,"href":"https:\/\/cdnoticias.com\/index.php\/wp-json\/wp\/v2\/categories?post=7051"},{"taxonomy":"post_tag","embeddable":true,"href":"https:\/\/cdnoticias.com\/index.php\/wp-json\/wp\/v2\/tags?post=7051"}],"curies":[{"name":"wp","href":"https:\/\/api.w.org\/{rel}","templated":true}]}}