{"id":70465,"date":"2022-11-20T12:41:54","date_gmt":"2022-11-20T15:41:54","guid":{"rendered":"https:\/\/www.centraldenoticias.com.ar\/?p=70465"},"modified":"2022-11-20T12:41:54","modified_gmt":"2022-11-20T15:41:54","slug":"jose-luis-emiliozzi-q-e-p-d","status":"publish","type":"post","link":"https:\/\/cdnoticias.com\/index.php\/2022\/11\/20\/jose-luis-emiliozzi-q-e-p-d\/","title":{"rendered":"Jos\u00e9 Luis Emiliozzi (Q.E.P.D.)"},"content":{"rendered":"<p>&nbsp;<\/p>\n<p>Falleci\u00f3 en Olavarr\u00eda el d\u00eda 20 de noviembre de 2022 a los 67 a\u00f1os de edad.<\/p>\n<p>&nbsp;<\/p>\n<p>Su esposa Maria Abdala. Sus hijos: Luis Maria, Maximiliano, Belena y Pierina sus hijos pol\u00edticos Luciana, Iv\u00e1n y Mat\u00edas. Sus nietos: Mar\u00eda Magdalena, Pedro y Martino. Su madre: Norma \u00c1lvarez. Sus hermanos: Carlos y Mar\u00eda Elena. Sus hermanos pol\u00edticos Julio y Alicia. Sus sobrinos: Jos\u00e9 Alfredo, Mar\u00eda Alicia, Mariano, Lucia y Juan Mart\u00edn; y dem\u00e1s deudos participan su fallecimiento.<\/p>\n<p>&nbsp;<\/p>\n<p>Velatorio: Espa\u00f1a 2942 dto. &#8220;E&#8221;. Comienza hoy a las 15 y cierra a las 22 hs. Reabre lunes a las 9 hs. Responso: Cap. Ard. Inhumaci\u00f3n: Crematorio Pinos de Paz, lunes 21 a las 12:30.<\/p>\n<p>&nbsp;<\/p>\n<p>Barrio en el que viv\u00eda: San Vicente<\/p>\n<p>&nbsp;<\/p>\n<p>Actividad que desarrollaba: Jubilado<\/p>\n","protected":false},"excerpt":{"rendered":"<p>&nbsp; Falleci\u00f3 en Olavarr\u00eda el d\u00eda 20 de noviembre de 2022 a los 67 a\u00f1os de edad. &nbsp; Su esposa<\/p>\n","protected":false},"author":4,"featured_media":51544,"comment_status":"closed","ping_status":"closed","sticky":false,"template":"","format":"standard","meta":{"_jetpack_memberships_contains_paid_content":false,"footnotes":""},"categories":[10],"tags":[],"class_list":["post-70465","post","type-post","status-publish","format-standard","has-post-thumbnail","hentry","category-necrologicas"],"jetpack_featured_media_url":"https:\/\/i0.wp.com\/cdnoticias.com\/wp-content\/uploads\/2022\/04\/necrologicas-390-x-240.jpg?fit=390%2C240&ssl=1","jetpack_sharing_enabled":true,"_links":{"self":[{"href":"https:\/\/cdnoticias.com\/index.php\/wp-json\/wp\/v2\/posts\/70465","targetHints":{"allow":["GET"]}}],"collection":[{"href":"https:\/\/cdnoticias.com\/index.php\/wp-json\/wp\/v2\/posts"}],"about":[{"href":"https:\/\/cdnoticias.com\/index.php\/wp-json\/wp\/v2\/types\/post"}],"author":[{"embeddable":true,"href":"https:\/\/cdnoticias.com\/index.php\/wp-json\/wp\/v2\/users\/4"}],"replies":[{"embeddable":true,"href":"https:\/\/cdnoticias.com\/index.php\/wp-json\/wp\/v2\/comments?post=70465"}],"version-history":[{"count":0,"href":"https:\/\/cdnoticias.com\/index.php\/wp-json\/wp\/v2\/posts\/70465\/revisions"}],"wp:featuredmedia":[{"embeddable":true,"href":"https:\/\/cdnoticias.com\/index.php\/wp-json\/wp\/v2\/media\/51544"}],"wp:attachment":[{"href":"https:\/\/cdnoticias.com\/index.php\/wp-json\/wp\/v2\/media?parent=70465"}],"wp:term":[{"taxonomy":"category","embeddable":true,"href":"https:\/\/cdnoticias.com\/index.php\/wp-json\/wp\/v2\/categories?post=70465"},{"taxonomy":"post_tag","embeddable":true,"href":"https:\/\/cdnoticias.com\/index.php\/wp-json\/wp\/v2\/tags?post=70465"}],"curies":[{"name":"wp","href":"https:\/\/api.w.org\/{rel}","templated":true}]}}