{"id":70421,"date":"2022-11-22T17:30:58","date_gmt":"2022-11-22T20:30:58","guid":{"rendered":"https:\/\/www.centraldenoticias.com.ar\/?p=70421"},"modified":"2022-11-22T17:30:58","modified_gmt":"2022-11-22T20:30:58","slug":"preinscripcion-abierta-a-las-carreras-de-la-facultad-de-ingenieria","status":"publish","type":"post","link":"https:\/\/cdnoticias.com\/index.php\/2022\/11\/22\/preinscripcion-abierta-a-las-carreras-de-la-facultad-de-ingenieria\/","title":{"rendered":"Preinscripci\u00f3n abierta a las carreras de la Facultad de Ingenier\u00eda"},"content":{"rendered":"<p>Las clases iniciar\u00e1n el 6 de febrero con modalidad presencial. <!--more--><\/p>\n<hr \/>\n<p>La <strong>Facultad de Ingenier\u00eda<\/strong> de la UNICEN habilit\u00f3 la <strong>preinscripci\u00f3n a sus tecnicaturas y carreras de grado,<\/strong> para iniciar la cursada en el ciclo 2023.<\/p>\n<p>&nbsp;<\/p>\n<p>El tr\u00e1mite se realiza a trav\u00e9s de la web oficial <a href=\"https:\/\/www.fio.unicen.edu.ar\/\" target=\"_blank\" rel=\"noopener\">www.fio.unicen.edu.ar,<\/a> donde se encuentran los requisitos para completar el proceso de inscripci\u00f3n, que estar\u00e1 disponible hasta mediados de febrero.<\/p>\n<p>&nbsp;<\/p>\n<p>La <strong>oferta acad\u00e9mica<\/strong> incluye Ingenier\u00eda Civil, Ingenier\u00eda en Agrimensura, Ingenier\u00eda Electromec\u00e1nica, Ingenier\u00eda Industrial, Ingenier\u00eda Qu\u00edmica, Licenciatura y Tecnicatura en Tecnolog\u00eda de los Alimentos, Profesorado en Qu\u00edmica y Tecnicatura Universitaria en Electromedicina. La FIO tambi\u00e9n cuenta con una carrera en la subsede en Quequ\u00e9n, donde se dicta la Licenciatura en Log\u00edstica Integral.<\/p>\n<p>&nbsp;<\/p>\n<p>Para estudiantes que ingresen en 2023, <strong>las clases dar\u00e1n inicio el 6 de febrero con modalidad presencial<\/strong>. Adem\u00e1s se pondr\u00e1n en vigencia los nuevos Planes de Estudios, recientemente aprobados, que ser\u00e1n publicados formalmente en los pr\u00f3ximos d\u00edas.<\/p>\n<p>&nbsp;<\/p>\n<p>La <strong>preinscripci\u00f3n<\/strong> se hace a trav\u00e9s de este <a href=\"https:\/\/www.fio.unicen.edu.ar\/index.php?option=com_content&amp;view=article&amp;id=2693&amp;Itemid=759\" target=\"_blank\" rel=\"noopener\">formulario. <\/a>Por consultas o m\u00e1s informaci\u00f3n, comunicarse con la Oficina de Alumnos al tel\u00e9fono 2284- 451055 interno 254, o por correo electr\u00f3nico a alumnos@fio.unicen.edu.ar<\/p>\n","protected":false},"excerpt":{"rendered":"<p>Las clases iniciar\u00e1n el 6 de febrero con modalidad presencial.<\/p>\n","protected":false},"author":6,"featured_media":68733,"comment_status":"closed","ping_status":"closed","sticky":false,"template":"","format":"standard","meta":{"_jetpack_memberships_contains_paid_content":false,"footnotes":""},"categories":[5,1],"tags":[],"class_list":["post-70421","post","type-post","status-publish","format-standard","has-post-thumbnail","hentry","category-informacion-general","category-portada"],"jetpack_featured_media_url":"https:\/\/i0.wp.com\/cdnoticias.com\/wp-content\/uploads\/2022\/10\/ingreso23.jpg?fit=996%2C499&ssl=1","jetpack_sharing_enabled":true,"_links":{"self":[{"href":"https:\/\/cdnoticias.com\/index.php\/wp-json\/wp\/v2\/posts\/70421","targetHints":{"allow":["GET"]}}],"collection":[{"href":"https:\/\/cdnoticias.com\/index.php\/wp-json\/wp\/v2\/posts"}],"about":[{"href":"https:\/\/cdnoticias.com\/index.php\/wp-json\/wp\/v2\/types\/post"}],"author":[{"embeddable":true,"href":"https:\/\/cdnoticias.com\/index.php\/wp-json\/wp\/v2\/users\/6"}],"replies":[{"embeddable":true,"href":"https:\/\/cdnoticias.com\/index.php\/wp-json\/wp\/v2\/comments?post=70421"}],"version-history":[{"count":0,"href":"https:\/\/cdnoticias.com\/index.php\/wp-json\/wp\/v2\/posts\/70421\/revisions"}],"wp:featuredmedia":[{"embeddable":true,"href":"https:\/\/cdnoticias.com\/index.php\/wp-json\/wp\/v2\/media\/68733"}],"wp:attachment":[{"href":"https:\/\/cdnoticias.com\/index.php\/wp-json\/wp\/v2\/media?parent=70421"}],"wp:term":[{"taxonomy":"category","embeddable":true,"href":"https:\/\/cdnoticias.com\/index.php\/wp-json\/wp\/v2\/categories?post=70421"},{"taxonomy":"post_tag","embeddable":true,"href":"https:\/\/cdnoticias.com\/index.php\/wp-json\/wp\/v2\/tags?post=70421"}],"curies":[{"name":"wp","href":"https:\/\/api.w.org\/{rel}","templated":true}]}}