{"id":70396,"date":"2022-11-19T17:00:49","date_gmt":"2022-11-19T20:00:49","guid":{"rendered":"https:\/\/www.centraldenoticias.com.ar\/?p=70396"},"modified":"2022-11-19T17:05:22","modified_gmt":"2022-11-19T20:05:22","slug":"se-reprogramo-el-festejo-por-el-cumpleanos-de-la-yumba","status":"publish","type":"post","link":"https:\/\/cdnoticias.com\/index.php\/2022\/11\/19\/se-reprogramo-el-festejo-por-el-cumpleanos-de-la-yumba\/","title":{"rendered":"Se reprogram\u00f3 el festejo por el cumplea\u00f1os de La Yumba"},"content":{"rendered":"<p>Se realizar\u00e1 el pr\u00f3ximo domingo 27 de noviembre en la plaza del Barrio Luj\u00e1n.<!--more--><\/p>\n<hr \/>\n<p>Desde La Yumba indicaron que <strong>se reprogram\u00f3 el festejo<\/strong> por sus cuatro a\u00f1os de la creaci\u00f3n del espacio.<\/p>\n<p>&nbsp;<\/p>\n<p>La decisi\u00f3n fue tomada debido al <strong>pron\u00f3stico meteorol\u00f3gico de alerta amarilla por fuertes tormentas.\u00a0<\/strong><\/p>\n<p>&nbsp;<\/p>\n<p>El festejo se realizar\u00e1 el pr\u00f3ximo <strong>domingo 27 de noviembre<\/strong> a partir de las 16:30 en la plaza del Barrio Luj\u00e1n, ubicada en avenida Urquiza y \u00c1lvaro Barros.<\/p>\n<p>&nbsp;<\/p>\n<p>Habr\u00e1 intervenciones art\u00edsticas, m\u00fasica, bandas en vivo, radio abierta, feria popular y servicio de cantina. <strong>La entrada es libre y gratuita.<\/strong><\/p>\n","protected":false},"excerpt":{"rendered":"<p>Se realizar\u00e1 el pr\u00f3ximo domingo 27 de noviembre en la plaza del Barrio Luj\u00e1n.<\/p>\n","protected":false},"author":6,"featured_media":70397,"comment_status":"closed","ping_status":"closed","sticky":false,"template":"","format":"standard","meta":{"_jetpack_memberships_contains_paid_content":false,"footnotes":""},"categories":[9,1],"tags":[],"class_list":["post-70396","post","type-post","status-publish","format-standard","has-post-thumbnail","hentry","category-cultura","category-portada"],"jetpack_featured_media_url":"https:\/\/i0.wp.com\/cdnoticias.com\/wp-content\/uploads\/2022\/11\/WhatsApp-Image-2022-11-14-at-13.47.44-800x445-1.jpeg?fit=800%2C445&ssl=1","jetpack_sharing_enabled":true,"_links":{"self":[{"href":"https:\/\/cdnoticias.com\/index.php\/wp-json\/wp\/v2\/posts\/70396","targetHints":{"allow":["GET"]}}],"collection":[{"href":"https:\/\/cdnoticias.com\/index.php\/wp-json\/wp\/v2\/posts"}],"about":[{"href":"https:\/\/cdnoticias.com\/index.php\/wp-json\/wp\/v2\/types\/post"}],"author":[{"embeddable":true,"href":"https:\/\/cdnoticias.com\/index.php\/wp-json\/wp\/v2\/users\/6"}],"replies":[{"embeddable":true,"href":"https:\/\/cdnoticias.com\/index.php\/wp-json\/wp\/v2\/comments?post=70396"}],"version-history":[{"count":0,"href":"https:\/\/cdnoticias.com\/index.php\/wp-json\/wp\/v2\/posts\/70396\/revisions"}],"wp:featuredmedia":[{"embeddable":true,"href":"https:\/\/cdnoticias.com\/index.php\/wp-json\/wp\/v2\/media\/70397"}],"wp:attachment":[{"href":"https:\/\/cdnoticias.com\/index.php\/wp-json\/wp\/v2\/media?parent=70396"}],"wp:term":[{"taxonomy":"category","embeddable":true,"href":"https:\/\/cdnoticias.com\/index.php\/wp-json\/wp\/v2\/categories?post=70396"},{"taxonomy":"post_tag","embeddable":true,"href":"https:\/\/cdnoticias.com\/index.php\/wp-json\/wp\/v2\/tags?post=70396"}],"curies":[{"name":"wp","href":"https:\/\/api.w.org\/{rel}","templated":true}]}}