{"id":70382,"date":"2022-11-19T11:05:34","date_gmt":"2022-11-19T14:05:34","guid":{"rendered":"https:\/\/www.centraldenoticias.com.ar\/?p=70382"},"modified":"2022-11-20T02:55:11","modified_gmt":"2022-11-20T05:55:11","slug":"libre-deuda-para-la-licencia-de-conducir-por-olavarria-todos-cuestiono-a-galli","status":"publish","type":"post","link":"https:\/\/cdnoticias.com\/index.php\/2022\/11\/19\/libre-deuda-para-la-licencia-de-conducir-por-olavarria-todos-cuestiono-a-galli\/","title":{"rendered":"Libre deuda para la licencia de conducir: Por Olavarr\u00eda Todos cuestion\u00f3 expresiones de Galli"},"content":{"rendered":"<p>La agrupaci\u00f3n municipal subray\u00f3 que la medida municipal \u201cno est\u00e1 prevista en la Ley Nacional de Tr\u00e1nsito\u201d y afirm\u00f3 que \u201cpersigue fines recaudatorios y por lo tanto, resulta extorsiva\u201d.<!--more--><\/p>\n<hr \/>\n<p><strong>La Agrupaci\u00f3n Vecinal Por Olavarr\u00eda Todos (POT)<\/strong> se expres\u00f3 en rechazo a los dichos del <strong>intendente Ezequiel Galli<\/strong> acerca del <strong>requisito de libre deuda para el tr\u00e1mite de la licencia de conducir<\/strong>.<\/p>\n<p>&nbsp;<\/p>\n<blockquote><p>\u201cEstamos en total desacuerdo\u201d sostuvo la agrupaci\u00f3n municipal que tiene como referente a Andrea Coronel.<\/p><\/blockquote>\n<p>&nbsp;<\/p>\n<p>Tal como public\u00f3 <strong>Central de Noticias<\/strong>, <a href=\"https:\/\/cdnoticias.com\/index.php\/2022\/11\/17\/el-municipio-presento-facilidades-de-pago-para-contribuyentes-morosos\/\" target=\"_blank\" rel=\"noopener\">el jefe comunal subray\u00f3 el jueves que \u201cla medida es legal y se va a seguir aplicando\u201d<\/a>. En el marco de una conferencia de prensa,<strong> Galli dej\u00f3 en claro su intenci\u00f3n de sostener el requisito<\/strong>, a pesar de que existen fallos en contrario.<\/p>\n<p>&nbsp;<\/p>\n<p><strong>POT sostuvo que \u201clo establecido en el \u00b4decreto\u00b4 no est\u00e1 prevista en la Ley Nacional de Tr\u00e1nsito\u201d<\/strong> y consider\u00f3 que la medida local \u201cpersigue<strong> fines recaudatorios<\/strong> y por lo tanto, <strong>resulta extorsiva<\/strong>. Pero fundamentalmente altera los principios, garant\u00edas y derechos reconocidos por la Constituci\u00f3n Nacional en los (art\u00edculos 43 y 28)\u201d.<\/p>\n<p>&nbsp;<\/p>\n<p>A su vez, la agrupaci\u00f3n hizo hincapi\u00e9 en que<strong> uno de los reclamos judiciales presentados lleg\u00f3 a la Suprema Corte provincial<\/strong>. El m\u00e1ximo tribunal provincial se pronunci\u00f3 por la inconstitucionalidad de la norma.<\/p>\n<p>&nbsp;<\/p>\n<p>\u201c<strong>Uno de los fallos m\u00e1s importantes y resonantes<\/strong> a este respecto, es el de \u00b4Del Campo, Ricardo c\/ Municipalidad de General Madariaga s\/ Amparo. Recurso extraordinario de inaplicabilidad de ley\u00b4 llegado a la Suprema Corte de Justicia de la Provincia\u201d.<\/p>\n<p>&nbsp;<\/p>\n<blockquote><p>Se agreg\u00f3 que \u201cen su sentencia definitiva el juez Negri expres\u00f3 lo siguiente: \u00b4el precepto legal en cuesti\u00f3n es inconstitucional con base en los arts. 1, 14, 14 bis, 16, 17, 18, 19, 28, 33, 75 inc. 2 de la Constituci\u00f3n nacional y 5, 6 y 29 de la C.A.D.H. Ello, al ser imposible extraer de esa norma otra interpretaci\u00f3n racional que no sea la del \u00fanico fin recaudatorio coactivo que muestra su letra expresa, por sobre el sacrificio de los principios m\u00e1ximos de razonabilidad, legalidad, igualdad, pro homine, y derechos constitucionales de transitar libremente y trabajar, contando el Estado provincial con las distintas herramientas legales y recursos humanos para perseguir el cobro de deudas por las v\u00edas legales pertinente (ej. apremio)1 \u201c.<\/p><\/blockquote>\n<p>&nbsp;<\/p>\n<p>Desde POT se indic\u00f3 que \u201creconocemos la importancia en el cobro de tasas municipales, que son trasladadas a obras para los vecinos, pero sabemos que <strong>el estado municipal cuenta con los mecanismos legales necesarios para exigir, perseguir y percibir el importe<\/strong> mediante la promoci\u00f3n de las acciones judiciales enderezadas a tal finalidad que, respetando la garant\u00eda del debido proceso, y permiten en forma r\u00e1pida y expedita procurar el cobro de las acreencias originadas en las deudas de tasas mediante el proceso de apremio\u201d.<\/p>\n<p>&nbsp;<\/p>\n<p>En ese sentido, retomaron la frase de Galli quien manifest\u00f3 que <em>\u201cel Municipio, la \u00fanica forma que tiene de castigar al que no paga las tasas es a trav\u00e9s de las licencias de conducir\u201d<\/em> para considerar en contrario que <strong>\u201cno podemos mostrar la pol\u00edtica como herramienta de castigo, la pol\u00edtica es una herramienta de transformaci\u00f3n\u201d<\/strong>.<\/p>\n<p>&nbsp;<\/p>\n","protected":false},"excerpt":{"rendered":"<p>La agrupaci\u00f3n municipal subray\u00f3 que la medida municipal \u201cno est\u00e1 prevista en la Ley Nacional de Tr\u00e1nsito\u201d y afirm\u00f3 que<\/p>\n","protected":false},"author":4,"featured_media":70383,"comment_status":"closed","ping_status":"closed","sticky":false,"template":"","format":"standard","meta":{"_jetpack_memberships_contains_paid_content":false,"footnotes":""},"categories":[4,1],"tags":[],"class_list":["post-70382","post","type-post","status-publish","format-standard","has-post-thumbnail","hentry","category-politica","category-portada"],"jetpack_featured_media_url":"https:\/\/i0.wp.com\/cdnoticias.com\/wp-content\/uploads\/2022\/11\/POT-licencia-de-conducir.jpg?fit=800%2C445&ssl=1","jetpack_sharing_enabled":true,"_links":{"self":[{"href":"https:\/\/cdnoticias.com\/index.php\/wp-json\/wp\/v2\/posts\/70382","targetHints":{"allow":["GET"]}}],"collection":[{"href":"https:\/\/cdnoticias.com\/index.php\/wp-json\/wp\/v2\/posts"}],"about":[{"href":"https:\/\/cdnoticias.com\/index.php\/wp-json\/wp\/v2\/types\/post"}],"author":[{"embeddable":true,"href":"https:\/\/cdnoticias.com\/index.php\/wp-json\/wp\/v2\/users\/4"}],"replies":[{"embeddable":true,"href":"https:\/\/cdnoticias.com\/index.php\/wp-json\/wp\/v2\/comments?post=70382"}],"version-history":[{"count":0,"href":"https:\/\/cdnoticias.com\/index.php\/wp-json\/wp\/v2\/posts\/70382\/revisions"}],"wp:featuredmedia":[{"embeddable":true,"href":"https:\/\/cdnoticias.com\/index.php\/wp-json\/wp\/v2\/media\/70383"}],"wp:attachment":[{"href":"https:\/\/cdnoticias.com\/index.php\/wp-json\/wp\/v2\/media?parent=70382"}],"wp:term":[{"taxonomy":"category","embeddable":true,"href":"https:\/\/cdnoticias.com\/index.php\/wp-json\/wp\/v2\/categories?post=70382"},{"taxonomy":"post_tag","embeddable":true,"href":"https:\/\/cdnoticias.com\/index.php\/wp-json\/wp\/v2\/tags?post=70382"}],"curies":[{"name":"wp","href":"https:\/\/api.w.org\/{rel}","templated":true}]}}