{"id":70365,"date":"2022-11-19T18:00:30","date_gmt":"2022-11-19T21:00:30","guid":{"rendered":"https:\/\/www.centraldenoticias.com.ar\/?p=70365"},"modified":"2022-11-19T18:05:19","modified_gmt":"2022-11-19T21:05:19","slug":"se-realizara-la-v-semana-nacional-de-la-economia-social-y-solidaria-en-las-universidades","status":"publish","type":"post","link":"https:\/\/cdnoticias.com\/index.php\/2022\/11\/19\/se-realizara-la-v-semana-nacional-de-la-economia-social-y-solidaria-en-las-universidades\/","title":{"rendered":"Se realizar\u00e1 la V Semana Nacional de la Econom\u00eda Social y Solidaria en las Universidades"},"content":{"rendered":"<p>Ser\u00e1 del 21 al 29 de noviembre. Conoc\u00e9 el cronograma de actividades. <!--more--><\/p>\n<hr \/>\n<p>La <strong>Facultad de Ciencias Sociale<\/strong>s ser\u00e1<strong> sede de la V Semana Nacional de la Econom\u00eda Social y Solidaria,<\/strong> que se realizar\u00e1 del <strong>21 al 29 de noviembre <\/strong>con propuestas simult\u00e1neas en universidades e institutos de todo el pa\u00eds. Es una iniciativa de la Red Universitaria en Econom\u00eda Social y Solidaria (RUESS).<\/p>\n<p>&nbsp;<\/p>\n<p>La RUESS es una propuesta de articulaci\u00f3n, convergencia, visibilizaci\u00f3n y escala de las pr\u00e1cticas de intervenci\u00f3n, investigaci\u00f3n, docencia, acciones con la comunidad y vinculaci\u00f3n territorial de las universidades relacionadas con la Econom\u00eda Social y Solidaria. <strong>Actualmente la integran m\u00e1s de 30 equipos de universidades nacionales, provinciales y de gesti\u00f3n social de todo el pa\u00eds.<\/strong><\/p>\n<p>&nbsp;<\/p>\n<p>En el Complejo Universitario de Olavarr\u00eda las actividades son coordinadas por el Programa Econom\u00eda Social Solidaria y Popular de la Facultad de Ciencias Sociales (UNICEN).<\/p>\n<p>&nbsp;<\/p>\n<p><strong>Cronograma de actividades<\/strong><\/p>\n<p>&nbsp;<\/p>\n<p><strong>-Martes 22 &#8211; 17 horas<\/strong><\/p>\n<p>&nbsp;<\/p>\n<p>Conversatorio e intercambio Experiencias en Pr\u00e1cticas Socioeducativas. Aportes a la Econom\u00eda Popular. Aula h\u00edbrida 3 &#8211; Facultad de Ciencias Sociales &#8211; Complejo Universitario Olavarr\u00eda, avenida Del Valle 5737.<\/p>\n<p>&nbsp;<\/p>\n<p><strong>-Mi\u00e9rcoles 23- 11 horas<\/strong><\/p>\n<p>&nbsp;<\/p>\n<p>Conversatorio e intercambio de Experiencias Cooperativas en Comunicaci\u00f3n. El Maizal (Quilmes), WOW (Quilmes) e Identidad Digital (Olavarr\u00eda). Aula h\u00edbrida 3 &#8211; Facultad de Ciencias Sociales &#8211; Complejo Universitario Olavarr\u00eda, avenida Del Valle 5737.<\/p>\n<p>&nbsp;<\/p>\n<p><strong>-Mi\u00e9rcoles 23- 13 horas<\/strong><\/p>\n<p>&nbsp;<\/p>\n<p>Almuerzo comunitario. Programa Integral Comunidades Soberanas: balance y proyecciones. Complejo Universitario Olavarr\u00eda, avenida Del Valle 5737.<\/p>\n<p>&nbsp;<\/p>\n<p><strong>-Martes 29- 14 horas<\/strong><\/p>\n<p>&nbsp;<\/p>\n<p>Propuesta de Formaci\u00f3n. Primeros pasos cooperativos Instituto Nacional de Asociativismo y Econom\u00eda Social (INAES). Centro Universitario Manuel Belgrano Complejo Universitario Olavarr\u00eda, avenida Del Valle 5737.<\/p>\n<p>&nbsp;<\/p>\n<p>&nbsp;<\/p>\n","protected":false},"excerpt":{"rendered":"<p>Ser\u00e1 del 21 al 29 de noviembre. Conoc\u00e9 el cronograma de actividades.<\/p>\n","protected":false},"author":6,"featured_media":70366,"comment_status":"closed","ping_status":"closed","sticky":false,"template":"","format":"standard","meta":{"_jetpack_memberships_contains_paid_content":false,"footnotes":""},"categories":[5,1],"tags":[],"class_list":["post-70365","post","type-post","status-publish","format-standard","has-post-thumbnail","hentry","category-informacion-general","category-portada"],"jetpack_featured_media_url":"https:\/\/i0.wp.com\/cdnoticias.com\/wp-content\/uploads\/2022\/11\/5-Semana-ESS.png?fit=940%2C788&ssl=1","jetpack_sharing_enabled":true,"_links":{"self":[{"href":"https:\/\/cdnoticias.com\/index.php\/wp-json\/wp\/v2\/posts\/70365","targetHints":{"allow":["GET"]}}],"collection":[{"href":"https:\/\/cdnoticias.com\/index.php\/wp-json\/wp\/v2\/posts"}],"about":[{"href":"https:\/\/cdnoticias.com\/index.php\/wp-json\/wp\/v2\/types\/post"}],"author":[{"embeddable":true,"href":"https:\/\/cdnoticias.com\/index.php\/wp-json\/wp\/v2\/users\/6"}],"replies":[{"embeddable":true,"href":"https:\/\/cdnoticias.com\/index.php\/wp-json\/wp\/v2\/comments?post=70365"}],"version-history":[{"count":0,"href":"https:\/\/cdnoticias.com\/index.php\/wp-json\/wp\/v2\/posts\/70365\/revisions"}],"wp:featuredmedia":[{"embeddable":true,"href":"https:\/\/cdnoticias.com\/index.php\/wp-json\/wp\/v2\/media\/70366"}],"wp:attachment":[{"href":"https:\/\/cdnoticias.com\/index.php\/wp-json\/wp\/v2\/media?parent=70365"}],"wp:term":[{"taxonomy":"category","embeddable":true,"href":"https:\/\/cdnoticias.com\/index.php\/wp-json\/wp\/v2\/categories?post=70365"},{"taxonomy":"post_tag","embeddable":true,"href":"https:\/\/cdnoticias.com\/index.php\/wp-json\/wp\/v2\/tags?post=70365"}],"curies":[{"name":"wp","href":"https:\/\/api.w.org\/{rel}","templated":true}]}}