{"id":70337,"date":"2022-11-18T18:36:24","date_gmt":"2022-11-18T21:36:24","guid":{"rendered":"https:\/\/www.centraldenoticias.com.ar\/?p=70337"},"modified":"2022-11-18T20:48:22","modified_gmt":"2022-11-18T23:48:22","slug":"con-importante-convocatoria-se-desarrollo-el-encuentro-provincial-de-mineria","status":"publish","type":"post","link":"https:\/\/cdnoticias.com\/index.php\/2022\/11\/18\/con-importante-convocatoria-se-desarrollo-el-encuentro-provincial-de-mineria\/","title":{"rendered":"Con importante convocatoria, se desarroll\u00f3 el Encuentro Provincial de Miner\u00eda"},"content":{"rendered":"<p>La actividad fue encabezada por el subsecretario de Miner\u00eda Federico Aguilera y el Presidente de la Comisi\u00f3n de Investigaciones Cient\u00edficas de la Provincia (CIC), Alejandro Villar. La b\u00fasqueda de relacionar la producci\u00f3n y la academia, el gran objetivo. <!--more--><\/p>\n<hr \/>\n<p>En el mediod\u00eda de este viernes, con buena convocatoria e interesantes charlas,<strong> se desarroll\u00f3 el Encuentro Provincial de Miner\u00eda en nuestra ciudad, con sede en el Club Pueblo Nuevo.<\/strong> El objetivo principal estuvo en <strong>vincular y mejorar la relaci\u00f3n entre la producci\u00f3n y la capacidad cient\u00edfica-tecnol\u00f3gica<\/strong>, para avanzar hacia una industria m\u00e1s sustentable y con mayor capacidad productiva.<\/p>\n<p>&nbsp;<\/p>\n<p>La actividad fue encabezada por el Subsecretario de Miner\u00eda Federico Aguilera acompa\u00f1ado del Presidente de la Comisi\u00f3n de Investigaciones Cient\u00edficas (CIC) de la Provincia Alejandro Villar. Tambi\u00e9n estuvieron Federico Ag\u00fcero, subsecretario de Ciencia e Innovaci\u00f3n Tecnol\u00f3gica, Laura Delgado, directora provincial de Pol\u00edtica Minera y Daiana Tolosa, directora provincial de Gesti\u00f3n Minera.<\/p>\n<p>&nbsp;<\/p>\n<p><img data-recalc-dims=\"1\" loading=\"lazy\" decoding=\"async\" class=\"alignnone size-large wp-image-70341\" src=\"https:\/\/i0.wp.com\/cdnoticias.com\/wp-content\/uploads\/2022\/11\/mineria4.jpg?resize=800%2C480&#038;ssl=1\" alt=\"\" width=\"800\" height=\"480\" srcset=\"https:\/\/i0.wp.com\/cdnoticias.com\/wp-content\/uploads\/2022\/11\/mineria4-scaled.jpg?resize=1024%2C614&amp;ssl=1 1024w, https:\/\/i0.wp.com\/cdnoticias.com\/wp-content\/uploads\/2022\/11\/mineria4-scaled.jpg?resize=300%2C180&amp;ssl=1 300w, https:\/\/i0.wp.com\/cdnoticias.com\/wp-content\/uploads\/2022\/11\/mineria4-scaled.jpg?resize=768%2C461&amp;ssl=1 768w, https:\/\/i0.wp.com\/cdnoticias.com\/wp-content\/uploads\/2022\/11\/mineria4-scaled.jpg?resize=1536%2C921&amp;ssl=1 1536w, https:\/\/i0.wp.com\/cdnoticias.com\/wp-content\/uploads\/2022\/11\/mineria4-scaled.jpg?resize=2048%2C1228&amp;ssl=1 2048w, https:\/\/i0.wp.com\/cdnoticias.com\/wp-content\/uploads\/2022\/11\/mineria4-scaled.jpg?w=1600&amp;ssl=1 1600w, https:\/\/i0.wp.com\/cdnoticias.com\/wp-content\/uploads\/2022\/11\/mineria4-scaled.jpg?w=2400&amp;ssl=1 2400w\" sizes=\"auto, (max-width: 800px) 100vw, 800px\" \/><\/p>\n<p>&nbsp;<\/p>\n<p>Adem\u00e1s, participaron empresarios mineros, el titular de la Uni\u00f3n Industrial C\u00e9sar Longo, y tambi\u00e9n integrantes de la UNICEN, muchos de ellos integrantes de proyectos como la Facultad de Ciencias Sociales.<\/p>\n<p>&nbsp;<\/p>\n<p><img data-recalc-dims=\"1\" loading=\"lazy\" decoding=\"async\" class=\"alignnone size-large wp-image-70340\" src=\"https:\/\/i0.wp.com\/cdnoticias.com\/wp-content\/uploads\/2022\/11\/mineria3.jpg?resize=800%2C480&#038;ssl=1\" alt=\"\" width=\"800\" height=\"480\" srcset=\"https:\/\/i0.wp.com\/cdnoticias.com\/wp-content\/uploads\/2022\/11\/mineria3-scaled.jpg?resize=1024%2C614&amp;ssl=1 1024w, https:\/\/i0.wp.com\/cdnoticias.com\/wp-content\/uploads\/2022\/11\/mineria3-scaled.jpg?resize=300%2C180&amp;ssl=1 300w, https:\/\/i0.wp.com\/cdnoticias.com\/wp-content\/uploads\/2022\/11\/mineria3-scaled.jpg?resize=768%2C461&amp;ssl=1 768w, https:\/\/i0.wp.com\/cdnoticias.com\/wp-content\/uploads\/2022\/11\/mineria3-scaled.jpg?resize=1536%2C921&amp;ssl=1 1536w, https:\/\/i0.wp.com\/cdnoticias.com\/wp-content\/uploads\/2022\/11\/mineria3-scaled.jpg?resize=2048%2C1228&amp;ssl=1 2048w, https:\/\/i0.wp.com\/cdnoticias.com\/wp-content\/uploads\/2022\/11\/mineria3-scaled.jpg?w=1600&amp;ssl=1 1600w, https:\/\/i0.wp.com\/cdnoticias.com\/wp-content\/uploads\/2022\/11\/mineria3-scaled.jpg?w=2400&amp;ssl=1 2400w\" sizes=\"auto, (max-width: 800px) 100vw, 800px\" \/><\/p>\n<p>&nbsp;<\/p>\n<p>En la presentaci\u00f3n, Aguilera fue uno de los oradores y manifest\u00f3 su alegr\u00eda que se lleve adelante este tipo de actividades en el Municipio de Olavarr\u00eda. <em>\u201cAgradecemos desde la Provincia el trabajo en conjunto llevado adelante tambi\u00e9n por el Presidente de la CIC y el equipo de Miner\u00eda que llevaron adelante esta jornada\u201d.<\/em><\/p>\n<p>&nbsp;<\/p>\n<p><em>\u201cDesde la gesti\u00f3n Kicillof nos hemos puesto como<strong> objetivo y desaf\u00edo primordial generar la vinculaci\u00f3n y los lazos necesarios con el sector cient\u00edfico-tecnol\u00f3gico, con las universidades, de modo tal que se pueda desarrollar una Miner\u00eda distinta<\/strong>, y al mismo tiempo tambi\u00e9n en ese camino que hemos generado reuniones, encuentro y trabajo en conjunto nos encontramos en la demanda y necesidad de vincular a las empresas con este sector\u201d<\/em> dijo Aguilera, y se\u00f1al\u00f3 que desde el Estado <strong><em>\u201ctomamos la posta y esta necesidad como un objetivo a plantear para lograr esa vinculaci\u00f3n necesaria\u201d.<\/em><\/strong><\/p>\n<p>&nbsp;<\/p>\n<blockquote><p>Justamente, la vinculaci\u00f3n permite trabajar con una mirada \u201cde desarrollo sostenible, con un cuadro legal medioambiental. Se han ido desarrollando en distintos puntos de la Provincia\u201d y en comparaci\u00f3n con a\u00f1os anteriores \u201cexisten nuevas modalidades y distintas alternativas para mejorar su producci\u00f3n\u201d.<\/p><\/blockquote>\n<p>&nbsp;<\/p>\n<p><strong>Mencion\u00f3 como ejemplo a Cementos Avellaneda<\/strong><em> \u201ccon otra mirada, circular y hol\u00edstica, ambiental, antropol\u00f3gica y arqueol\u00f3gica, en un trabajo en conjunto con la Facultad de Ciencias Sociales de la Unicen, que genera un v\u00ednculo cultural, recreativo\u201d<\/em>. En este sentido, explic\u00f3 que esta forma <em>\u201ces otro acercamiento a la comunidad y dar vuelta una mirada negativa sobre lo que sucede con la actividad minera. Es el trabajo de la Provincia dar a conocer c\u00f3mo es la actividad minera, la tradici\u00f3n minera de los pueblos bonaerenses, las alternativas sustentables sobre un recurso no renovable\u201d.<\/em><\/p>\n<p>&nbsp;<\/p>\n<p>&nbsp;<\/p>\n<p>&nbsp;<\/p>\n<p><strong>Ag\u00fcero, la \u201cpata acad\u00e9mica\u201d del Estado en el Encuentro<\/strong>, tambi\u00e9n se mostr\u00f3 contento de estar en Olavarr\u00eda y colaborar con el evento.<strong><em> \u201cQueremos hacer todos los esfuerzos para vincular el sector minero, el sector productivo, con el sector cient\u00edfico tecnol\u00f3gico\u201d<\/em> <\/strong>dijo.<\/p>\n<p>&nbsp;<\/p>\n<p><em>\u201cLa \u00fanica manera de generar m\u00e1s desarrollo y oportunidades es si podemos vincular las capacidades de ciencia y tecnolog\u00eda con las capacidades productivas\u201d<\/em> agreg\u00f3, y si bien admiti\u00f3 que el di\u00e1logo<em> \u201cno es todo lo fluido que deber\u00eda ser, esto tiene que ver con un mont\u00f3n de cuestiones culturales, hist\u00f3ricas y dem\u00e1s. Para poder acercar a estos dos sectores, desde el Ministerio dise\u00f1amos un mont\u00f3n de pol\u00edticas, que buscan adecuar las capacidades productivas al contexto, a la idiosincrasia entre otras\u201d.<\/em><\/p>\n<p>&nbsp;<\/p>\n<p>Finalmente, pidi\u00f3 que<strong><em> \u201cen la medida que vayan detectando posibilidades e ideas de articular habr\u00e1 un gobierno provincial que financiar\u00e1 esas ideas\u201d.<\/em><\/strong><\/p>\n<p>&nbsp;<\/p>\n<p>Tras las palabras de Villar de la CIC, hubo varias mesas debate en torno a estados de situaci\u00f3n, casos exitosos y planteos que se extendieron hasta las 17 horas, <strong>con un balance \u201cm\u00e1s que positivo\u201d del encuentro. \u00a0<\/strong><\/p>\n","protected":false},"excerpt":{"rendered":"<p>La actividad fue encabezada por el subsecretario de Miner\u00eda Federico Aguilera y el Presidente de la Comisi\u00f3n de Investigaciones Cient\u00edficas<\/p>\n","protected":false},"author":2,"featured_media":70342,"comment_status":"closed","ping_status":"closed","sticky":false,"template":"","format":"standard","meta":{"_jetpack_memberships_contains_paid_content":false,"footnotes":""},"categories":[5,1],"tags":[],"class_list":["post-70337","post","type-post","status-publish","format-standard","has-post-thumbnail","hentry","category-informacion-general","category-portada"],"jetpack_featured_media_url":"https:\/\/i0.wp.com\/cdnoticias.com\/wp-content\/uploads\/2022\/11\/mineria5-scaled.jpg?fit=2560%2C1536&ssl=1","jetpack_sharing_enabled":true,"_links":{"self":[{"href":"https:\/\/cdnoticias.com\/index.php\/wp-json\/wp\/v2\/posts\/70337","targetHints":{"allow":["GET"]}}],"collection":[{"href":"https:\/\/cdnoticias.com\/index.php\/wp-json\/wp\/v2\/posts"}],"about":[{"href":"https:\/\/cdnoticias.com\/index.php\/wp-json\/wp\/v2\/types\/post"}],"author":[{"embeddable":true,"href":"https:\/\/cdnoticias.com\/index.php\/wp-json\/wp\/v2\/users\/2"}],"replies":[{"embeddable":true,"href":"https:\/\/cdnoticias.com\/index.php\/wp-json\/wp\/v2\/comments?post=70337"}],"version-history":[{"count":0,"href":"https:\/\/cdnoticias.com\/index.php\/wp-json\/wp\/v2\/posts\/70337\/revisions"}],"wp:featuredmedia":[{"embeddable":true,"href":"https:\/\/cdnoticias.com\/index.php\/wp-json\/wp\/v2\/media\/70342"}],"wp:attachment":[{"href":"https:\/\/cdnoticias.com\/index.php\/wp-json\/wp\/v2\/media?parent=70337"}],"wp:term":[{"taxonomy":"category","embeddable":true,"href":"https:\/\/cdnoticias.com\/index.php\/wp-json\/wp\/v2\/categories?post=70337"},{"taxonomy":"post_tag","embeddable":true,"href":"https:\/\/cdnoticias.com\/index.php\/wp-json\/wp\/v2\/tags?post=70337"}],"curies":[{"name":"wp","href":"https:\/\/api.w.org\/{rel}","templated":true}]}}