{"id":70327,"date":"2022-11-18T11:19:06","date_gmt":"2022-11-18T14:19:06","guid":{"rendered":"https:\/\/www.centraldenoticias.com.ar\/?p=70327"},"modified":"2022-11-18T17:18:28","modified_gmt":"2022-11-18T20:18:28","slug":"carlos-alfredo-barone-carlitos-q-e-p-d","status":"publish","type":"post","link":"https:\/\/cdnoticias.com\/index.php\/2022\/11\/18\/carlos-alfredo-barone-carlitos-q-e-p-d\/","title":{"rendered":"Carlos Alfredo Barone \u201cCarlitos\u201d (Q.E.P.D.)"},"content":{"rendered":"<p>&nbsp;<\/p>\n<p>Falleci\u00f3 en Olavarr\u00eda el d\u00eda 18 de noviembre de 2022 a los 70 a\u00f1os de edad.<\/p>\n<p>&nbsp;<\/p>\n<p>Su padre \u00cdtalo Mario Barone. Su esposa Myri Battigelli. Sus hijos Diego Sebasti\u00e1n, Suray y Maria de la Paz Barone. Sus hijos pol\u00edticos Luciana y Andr\u00e9s. Sus nietos Nicol\u00e1s, Tomas, Franco, Agustina, Bruno, Sof\u00eda, \u00cdtalo y Laia. Sus hermanos Alberto y Liliana Barone. Sus hermanos pol\u00edticos Jos\u00e9 Maria y Marisa. Sus sobrinos. Sus amigos Stella Maris y Gast\u00f3n y dem\u00e1s deudos participan su fallecimiento.<\/p>\n<p>&nbsp;<\/p>\n<p>Velatorio: Espa\u00f1a 2942 departamento &#8220;B&#8221;. El velatorio comienza a las 16 horas y finaliza a las 21 horas. Responso: Capilla Ardiente. Cremaci\u00f3n: Crematorio Pinos de Paz, este s\u00e1bado a las 08:30 horas. Servicio adherido a Coopelectric.<\/p>\n<p>&nbsp;<\/p>\n<p>Barrio en el que viv\u00eda: Vecino de Microcentro.<\/p>\n<p>&nbsp;<\/p>\n<p>Lugar de nacimiento: Nacido en Olavarr\u00eda.<\/p>\n<p>&nbsp;<\/p>\n<p>Actividad que desarrollaba: Jubilado de CORPI.<\/p>\n<p>&nbsp;<\/p>\n","protected":false},"excerpt":{"rendered":"<p>&nbsp; Falleci\u00f3 en Olavarr\u00eda el d\u00eda 18 de noviembre de 2022 a los 70 a\u00f1os de edad. &nbsp; Su padre<\/p>\n","protected":false},"author":4,"featured_media":51544,"comment_status":"closed","ping_status":"closed","sticky":false,"template":"","format":"standard","meta":{"_jetpack_memberships_contains_paid_content":false,"footnotes":""},"categories":[10],"tags":[],"class_list":["post-70327","post","type-post","status-publish","format-standard","has-post-thumbnail","hentry","category-necrologicas"],"jetpack_featured_media_url":"https:\/\/i0.wp.com\/cdnoticias.com\/wp-content\/uploads\/2022\/04\/necrologicas-390-x-240.jpg?fit=390%2C240&ssl=1","jetpack_sharing_enabled":true,"_links":{"self":[{"href":"https:\/\/cdnoticias.com\/index.php\/wp-json\/wp\/v2\/posts\/70327","targetHints":{"allow":["GET"]}}],"collection":[{"href":"https:\/\/cdnoticias.com\/index.php\/wp-json\/wp\/v2\/posts"}],"about":[{"href":"https:\/\/cdnoticias.com\/index.php\/wp-json\/wp\/v2\/types\/post"}],"author":[{"embeddable":true,"href":"https:\/\/cdnoticias.com\/index.php\/wp-json\/wp\/v2\/users\/4"}],"replies":[{"embeddable":true,"href":"https:\/\/cdnoticias.com\/index.php\/wp-json\/wp\/v2\/comments?post=70327"}],"version-history":[{"count":0,"href":"https:\/\/cdnoticias.com\/index.php\/wp-json\/wp\/v2\/posts\/70327\/revisions"}],"wp:featuredmedia":[{"embeddable":true,"href":"https:\/\/cdnoticias.com\/index.php\/wp-json\/wp\/v2\/media\/51544"}],"wp:attachment":[{"href":"https:\/\/cdnoticias.com\/index.php\/wp-json\/wp\/v2\/media?parent=70327"}],"wp:term":[{"taxonomy":"category","embeddable":true,"href":"https:\/\/cdnoticias.com\/index.php\/wp-json\/wp\/v2\/categories?post=70327"},{"taxonomy":"post_tag","embeddable":true,"href":"https:\/\/cdnoticias.com\/index.php\/wp-json\/wp\/v2\/tags?post=70327"}],"curies":[{"name":"wp","href":"https:\/\/api.w.org\/{rel}","templated":true}]}}