{"id":70324,"date":"2022-11-18T14:09:03","date_gmt":"2022-11-18T17:09:03","guid":{"rendered":"https:\/\/www.centraldenoticias.com.ar\/?p=70324"},"modified":"2022-11-18T18:36:53","modified_gmt":"2022-11-18T21:36:53","slug":"hcd-se-trato-en-comision-el-proyecto-un-cafe-para-tu-huerta","status":"publish","type":"post","link":"https:\/\/cdnoticias.com\/index.php\/2022\/11\/18\/hcd-se-trato-en-comision-el-proyecto-un-cafe-para-tu-huerta\/","title":{"rendered":"HCD: se trat\u00f3 en comisi\u00f3n el proyecto \u201cUn caf\u00e9 para tu huerta\u201d"},"content":{"rendered":"<p>Se reuni\u00f3 la comisi\u00f3n de Medio Ambiente con una de las impulsoras de la propuesta. Se dio el pase a la comisi\u00f3n de Desarrollo Econ\u00f3mico.<!--more--><\/p>\n<hr \/>\n<p><strong>La comisi\u00f3n de Medio Ambiente<\/strong>, presidida por la concejal Bel\u00e9n Vergel (UCR-Juntos), <strong>se reuni\u00f3 este viernes con Victoria Torino, titular de la Juventud Radical local.<\/strong><\/p>\n<p>&nbsp;<\/p>\n<p>Asisti\u00f3 para dar a conocer el trabajo realizado en la presentaci\u00f3n de <strong>proyecto \u201cUn caf\u00e9 para tu huerta\u201d sobre la campa\u00f1a de recolecci\u00f3n y entrega de borra de caf\u00e9.<\/strong><\/p>\n<p>&nbsp;<\/p>\n<blockquote><p>La concejal Vergel inform\u00f3 que est\u00e1 iniciativa \u201cbusca tomar conciencia de los desechos que generamos y el segundo uso que le podemos dar a los mismos. A fin de cuidar y proteger el medio ambiente\u201d.<\/p><\/blockquote>\n<p>&nbsp;<\/p>\n<p>El expediente tuvo el <strong>pase a la comisi\u00f3n de Desarrollo Econ\u00f3mico.<\/strong><\/p>\n<p>&nbsp;<\/p>\n<p><strong>La propuesta<\/strong><\/p>\n<p>&nbsp;<\/p>\n<p>La iniciativa surgi\u00f3 a partir de la entrega de borra de caf\u00e9 por parte de <strong>bares, restaurantes y cafeter\u00edas<\/strong>, elemento que<strong> sirve como abono y repelente para plantas.<\/strong><\/p>\n<p>&nbsp;<\/p>\n<blockquote><p>En ese sentido, el proyecto de ordenanza que se analiza en el HCD plantea al Ejecutivo \u201cimplementar una campa\u00f1a de recolecci\u00f3n y entrega de la borra de caf\u00e9, como una actividad duradera en el tiempo\u201d y que se invite \u201ca todos los comercios donde se realicen extracciones de caf\u00e9 en m\u00e1quina a sumarse\u201d a la campa\u00f1a.<\/p><\/blockquote>\n<p>&nbsp;<\/p>\n<p>Asimismo, se pide \u201cconfeccionar y distribuir en todos los comercios adheridos, una <strong>carteler\u00eda identificatoria<\/strong> a fin de que los vecinos y vecinas sepan que en ese lugar pueden solicitar la borra de caf\u00e9\u201d.<\/p>\n<p>&nbsp;<\/p>\n<p>En el cuarto art\u00edculo del proyecto se solicita la <strong>difusi\u00f3n de la campa\u00f1a<\/strong>, y tambi\u00e9n de<em> \u201clos beneficios y maneras de uso que tiene la borra de caf\u00e9 a fin de ser utilizada como abono\u201d.<\/em><\/p>\n<p>&nbsp;<\/p>\n","protected":false},"excerpt":{"rendered":"<p>Se reuni\u00f3 la comisi\u00f3n de Medio Ambiente con una de las impulsoras de la propuesta. Se dio el pase a<\/p>\n","protected":false},"author":4,"featured_media":70325,"comment_status":"closed","ping_status":"closed","sticky":false,"template":"","format":"standard","meta":{"_jetpack_memberships_contains_paid_content":false,"footnotes":""},"categories":[4,1],"tags":[],"class_list":["post-70324","post","type-post","status-publish","format-standard","has-post-thumbnail","hentry","category-politica","category-portada"],"jetpack_featured_media_url":"https:\/\/i0.wp.com\/cdnoticias.com\/wp-content\/uploads\/2022\/11\/HCD-comision-de-medio-Ambiente.jpg?fit=800%2C445&ssl=1","jetpack_sharing_enabled":true,"_links":{"self":[{"href":"https:\/\/cdnoticias.com\/index.php\/wp-json\/wp\/v2\/posts\/70324","targetHints":{"allow":["GET"]}}],"collection":[{"href":"https:\/\/cdnoticias.com\/index.php\/wp-json\/wp\/v2\/posts"}],"about":[{"href":"https:\/\/cdnoticias.com\/index.php\/wp-json\/wp\/v2\/types\/post"}],"author":[{"embeddable":true,"href":"https:\/\/cdnoticias.com\/index.php\/wp-json\/wp\/v2\/users\/4"}],"replies":[{"embeddable":true,"href":"https:\/\/cdnoticias.com\/index.php\/wp-json\/wp\/v2\/comments?post=70324"}],"version-history":[{"count":0,"href":"https:\/\/cdnoticias.com\/index.php\/wp-json\/wp\/v2\/posts\/70324\/revisions"}],"wp:featuredmedia":[{"embeddable":true,"href":"https:\/\/cdnoticias.com\/index.php\/wp-json\/wp\/v2\/media\/70325"}],"wp:attachment":[{"href":"https:\/\/cdnoticias.com\/index.php\/wp-json\/wp\/v2\/media?parent=70324"}],"wp:term":[{"taxonomy":"category","embeddable":true,"href":"https:\/\/cdnoticias.com\/index.php\/wp-json\/wp\/v2\/categories?post=70324"},{"taxonomy":"post_tag","embeddable":true,"href":"https:\/\/cdnoticias.com\/index.php\/wp-json\/wp\/v2\/tags?post=70324"}],"curies":[{"name":"wp","href":"https:\/\/api.w.org\/{rel}","templated":true}]}}