{"id":7030,"date":"2020-11-20T17:54:18","date_gmt":"2020-11-20T20:54:18","guid":{"rendered":"http:\/\/www.centraldenoticias.com.ar\/?p=7030"},"modified":"2020-11-20T18:00:57","modified_gmt":"2020-11-20T21:00:57","slug":"martin-pizzolo-juro-como-juez-en-el-departamento-avellaneda-lanus","status":"publish","type":"post","link":"https:\/\/cdnoticias.com\/index.php\/2020\/11\/20\/martin-pizzolo-juro-como-juez-en-el-departamento-avellaneda-lanus\/","title":{"rendered":"Mart\u00edn Pizzolo jur\u00f3 como juez en  el Departamento Avellaneda-Lan\u00fas"},"content":{"rendered":"<p>Se trata del cargo por el que hab\u00eda sido designado hace algo m\u00e1s de un lustro. Semanas atr\u00e1s le hab\u00edan aceptado la renuncia como fiscal de Las Flores.<\/p>\n<p><!--more--><\/p>\n<hr \/>\n<p>En la jornada de este viernes, en el recinto de la C\u00e1mara de Apelaciones del flamante Departamento Judicial de Avellaneda-Lan\u00fas,<strong> el doctor Mart\u00edn Pizzolo jur\u00f3 como juez del Tribunal Oral en lo Criminal N\u00b0 1, cargo en el que hab\u00eda sido designado hace ya m\u00e1s de un lustro.<\/strong><\/p>\n<p>&nbsp;<\/p>\n<p>Vale destacar que <strong>el Departamento Judicial de Avellaneda-Lan\u00fas fue creado recientemente, tomando como propio un sector del conurbano bonaerense que anteriormente era parte de la Departamental de Lomas de Zamora<\/strong>, ciudad que a su vez es lugar donde naci\u00f3 el funcionario quien por varios a\u00f1os supo estar al frente de la fiscal\u00eda N\u00b0 5 de Olavarr\u00eda.<\/p>\n<p>&nbsp;<\/p>\n<p><strong>Mart\u00edn Pizzolo lleg\u00f3 a Olavarr\u00eda a fines del 2007, tras ser designado como titular de la UFI 5 a fines de noviembre de ese a\u00f1o, siendo el fiscal m\u00e1s joven de la provincia<\/strong>. Fue a fines de 2015, tras un concurso culminado el a\u00f1o anterior, que la Suprema Corte de Justicia orden\u00f3 que se le tome juramento, junto a otro letrado, como titulares del Tribunal Oral en lo Criminal N\u00b01 de Avellaneda, situaci\u00f3n que en un principio comenz\u00f3 a demorarse debido a las cuestiones de infraestructura y locaci\u00f3n de la flamante Departamental.\u00a0Hasta ese entonces, como un dato significativo, Lomas de Zamora era el distrito m\u00e1s grande no s\u00f3lo del pa\u00eds, sino de Sudam\u00e9rica, ya que bajo su espectro tambi\u00e9n se encontraban las ciudades de Ezeiza, Almirante Brown y Esteban Echeverr\u00eda.<\/p>\n<p>&nbsp;<\/p>\n<p>Lo concreto es que desde ese entonces todo ingres\u00f3 en una nebulosa y derrotero de presentaciones judiciales que incluyeron hasta <strong>una denuncia del doctor Mart\u00edn Pizzolo contra la exgobernadora Mar\u00eda Eugenia Vidal por el delito de \u201cdesobediencia\u201d debido a la demora en proclamarse sobre la renuncia que el letrado hab\u00eda presentado a la funci\u00f3n p\u00fablica.<\/strong><\/p>\n<p>&nbsp;<\/p>\n<p>Para ese entonces ya se encontraba al frente de la ayudant\u00eda fiscal en Las Flores, ya que durante ese proceso tambi\u00e9n se formaliz\u00f3 una denuncia en su contra que lo alej\u00f3 de nuestra ciudad. Lo concreto es que <strong>la gobernadora Mar\u00eda Eugenia Vidal no acept\u00f3 la renuncia, por lo que sigui\u00f3 en el \u00e1mbito p\u00fablico hasta fines de octubre de este a\u00f1o, cuando el actual gobernador Axel Kicillof revoc\u00f3 el decreto de Vidal y acept\u00f3 la renuncia.<\/strong><\/p>\n<p>&nbsp;<\/p>\n<p>Toda esta situaci\u00f3n permiti\u00f3 que en la jornada de este viernes el letrado bonaerense pueda <strong>jurar finalmente este viernes como juez en el Departamento Judicial de Avellaneda Lan\u00fas.<\/strong><\/p>\n<p>&nbsp;<\/p>\n<p>&nbsp;<\/p>\n<p>&nbsp;<\/p>\n","protected":false},"excerpt":{"rendered":"<p>Se trata del cargo por el que hab\u00eda sido designado hace algo m\u00e1s de un lustro. Semanas atr\u00e1s le hab\u00edan<\/p>\n","protected":false},"author":3,"featured_media":7031,"comment_status":"closed","ping_status":"closed","sticky":false,"template":"","format":"standard","meta":{"_jetpack_memberships_contains_paid_content":false,"footnotes":""},"categories":[5,14,1],"tags":[],"class_list":["post-7030","post","type-post","status-publish","format-standard","has-post-thumbnail","hentry","category-informacion-general","category-policiales","category-portada"],"jetpack_featured_media_url":"https:\/\/i0.wp.com\/cdnoticias.com\/wp-content\/uploads\/2020\/11\/WhatsApp-Image-2020-11-20-at-17.43.22.jpeg?fit=520%2C293&ssl=1","jetpack_sharing_enabled":true,"_links":{"self":[{"href":"https:\/\/cdnoticias.com\/index.php\/wp-json\/wp\/v2\/posts\/7030","targetHints":{"allow":["GET"]}}],"collection":[{"href":"https:\/\/cdnoticias.com\/index.php\/wp-json\/wp\/v2\/posts"}],"about":[{"href":"https:\/\/cdnoticias.com\/index.php\/wp-json\/wp\/v2\/types\/post"}],"author":[{"embeddable":true,"href":"https:\/\/cdnoticias.com\/index.php\/wp-json\/wp\/v2\/users\/3"}],"replies":[{"embeddable":true,"href":"https:\/\/cdnoticias.com\/index.php\/wp-json\/wp\/v2\/comments?post=7030"}],"version-history":[{"count":0,"href":"https:\/\/cdnoticias.com\/index.php\/wp-json\/wp\/v2\/posts\/7030\/revisions"}],"wp:featuredmedia":[{"embeddable":true,"href":"https:\/\/cdnoticias.com\/index.php\/wp-json\/wp\/v2\/media\/7031"}],"wp:attachment":[{"href":"https:\/\/cdnoticias.com\/index.php\/wp-json\/wp\/v2\/media?parent=7030"}],"wp:term":[{"taxonomy":"category","embeddable":true,"href":"https:\/\/cdnoticias.com\/index.php\/wp-json\/wp\/v2\/categories?post=7030"},{"taxonomy":"post_tag","embeddable":true,"href":"https:\/\/cdnoticias.com\/index.php\/wp-json\/wp\/v2\/tags?post=7030"}],"curies":[{"name":"wp","href":"https:\/\/api.w.org\/{rel}","templated":true}]}}