{"id":70277,"date":"2022-11-18T11:02:17","date_gmt":"2022-11-18T14:02:17","guid":{"rendered":"https:\/\/www.centraldenoticias.com.ar\/?p=70277"},"modified":"2022-11-18T11:02:17","modified_gmt":"2022-11-18T14:02:17","slug":"reflexiones-para-abordar-la-transversalizacion-de-la-esi-en-las-escuelas-de-verano","status":"publish","type":"post","link":"https:\/\/cdnoticias.com\/index.php\/2022\/11\/18\/reflexiones-para-abordar-la-transversalizacion-de-la-esi-en-las-escuelas-de-verano\/","title":{"rendered":"Reflexiones para abordar la transversalizacion de la ESI en las escuelas de verano"},"content":{"rendered":"<p>Referentes de distintas colonias de la ciudad y el espacio de Diversidad del STMO se reunieron junto a la organizaci\u00f3n Criar con Alas y la estudiante y referente de ESI Roc\u00edo Roca.<br \/>\n<!--more--><\/p>\n<hr \/>\n<p>Referentes de <strong>distintas colonias de la ciudad y el espacio de Diversidad del Sindicato de Trabajadores Municipales<\/strong> se reunieron junto a la<strong> organizaci\u00f3n Criar con Alas y la estudiante y referente de ESI Roc\u00edo Roca<\/strong>.\u00a0El encuentro estuvo enmarcado en el <strong>proyecto &#8220;Un verano donde quepan todxs&#8221;<\/strong>.<\/p>\n<p>&nbsp;<\/p>\n<p>Se indic\u00f3 que dialogaron acerca de &#8220;<strong>aportar recursos y algunas reflexiones para abordar la transversalizacion de la ESI en las escuelas de verano generando una propuesta pedag\u00f3gica did\u00e1ctica con contenidos de ense\u00f1anza, modos se organizaci\u00f3n, estrategias y modos de vinculaci\u00f3n&#8221;.<\/strong><\/p>\n<p>&nbsp;<\/p>\n<p><img data-recalc-dims=\"1\" loading=\"lazy\" decoding=\"async\" class=\"size-full wp-image-70322 aligncenter\" src=\"https:\/\/i0.wp.com\/cdnoticias.com\/wp-content\/uploads\/2022\/11\/diversidad-stmo-verano.jpg?resize=800%2C445&#038;ssl=1\" alt=\"\" width=\"800\" height=\"445\" srcset=\"https:\/\/i0.wp.com\/cdnoticias.com\/wp-content\/uploads\/2022\/11\/diversidad-stmo-verano.jpg?w=800&amp;ssl=1 800w, https:\/\/i0.wp.com\/cdnoticias.com\/wp-content\/uploads\/2022\/11\/diversidad-stmo-verano.jpg?resize=300%2C167&amp;ssl=1 300w, https:\/\/i0.wp.com\/cdnoticias.com\/wp-content\/uploads\/2022\/11\/diversidad-stmo-verano.jpg?resize=768%2C427&amp;ssl=1 768w\" sizes=\"auto, (max-width: 800px) 100vw, 800px\" \/><\/p>\n<p>&nbsp;<\/p>\n<p>&#8220;Considerando que el <strong>espacio de colonias de verano ha sido un campo de disputas acerca de los significados que se atribuye a las corporalidades<\/strong>, estas propuestas est\u00e1n pensadas para que se <strong>garantice el cumplimiento de la Ley 26.150<\/strong> (Ley de Educaci\u00f3n Integral) en la planificaci\u00f3n de actividades diversas que <strong>busquen la inclusi\u00f3n<\/strong>, invitando a seleccionar contenidos que aborden espec\u00edficamente la desigualdad de g\u00e9nero, los estereotipos corporales, el respeto por la diversidad, el desarrollo de comportamientos de autoprotecci\u00f3n ante relaciones abusivos, la expresi\u00f3n de sentimientos entre otros&#8221; agregaron.<\/p>\n<p>&nbsp;<\/p>\n<p>Por \u00faltimo remarcaron que &#8220;<em><strong>es inmediata la b\u00fasqueda y el compromiso de poder generar espacios de respeto, empat\u00eda y solidaridad. Mirar las normas desde la perspectiva de g\u00e9nero y el respeto por la diversidad implica generar espacios inclusivos d\u00f3nde todos se sientan parte de lo que acontece d\u00f3nde casa uno se sienta alojado&#8221;.<\/strong><\/em><\/p>\n<p>&nbsp;<\/p>\n","protected":false},"excerpt":{"rendered":"<p>Referentes de distintas colonias de la ciudad y el espacio de Diversidad del STMO se reunieron junto a la organizaci\u00f3n<\/p>\n","protected":false},"author":6,"featured_media":70278,"comment_status":"closed","ping_status":"closed","sticky":false,"template":"","format":"standard","meta":{"_jetpack_memberships_contains_paid_content":false,"footnotes":""},"categories":[3,1],"tags":[],"class_list":["post-70277","post","type-post","status-publish","format-standard","has-post-thumbnail","hentry","category-genero","category-portada"],"jetpack_featured_media_url":"https:\/\/i0.wp.com\/cdnoticias.com\/wp-content\/uploads\/2022\/11\/WhatsApp-Image-2022-11-17-at-14.21.26.jpeg?fit=1156%2C868&ssl=1","jetpack_sharing_enabled":true,"_links":{"self":[{"href":"https:\/\/cdnoticias.com\/index.php\/wp-json\/wp\/v2\/posts\/70277","targetHints":{"allow":["GET"]}}],"collection":[{"href":"https:\/\/cdnoticias.com\/index.php\/wp-json\/wp\/v2\/posts"}],"about":[{"href":"https:\/\/cdnoticias.com\/index.php\/wp-json\/wp\/v2\/types\/post"}],"author":[{"embeddable":true,"href":"https:\/\/cdnoticias.com\/index.php\/wp-json\/wp\/v2\/users\/6"}],"replies":[{"embeddable":true,"href":"https:\/\/cdnoticias.com\/index.php\/wp-json\/wp\/v2\/comments?post=70277"}],"version-history":[{"count":0,"href":"https:\/\/cdnoticias.com\/index.php\/wp-json\/wp\/v2\/posts\/70277\/revisions"}],"wp:featuredmedia":[{"embeddable":true,"href":"https:\/\/cdnoticias.com\/index.php\/wp-json\/wp\/v2\/media\/70278"}],"wp:attachment":[{"href":"https:\/\/cdnoticias.com\/index.php\/wp-json\/wp\/v2\/media?parent=70277"}],"wp:term":[{"taxonomy":"category","embeddable":true,"href":"https:\/\/cdnoticias.com\/index.php\/wp-json\/wp\/v2\/categories?post=70277"},{"taxonomy":"post_tag","embeddable":true,"href":"https:\/\/cdnoticias.com\/index.php\/wp-json\/wp\/v2\/tags?post=70277"}],"curies":[{"name":"wp","href":"https:\/\/api.w.org\/{rel}","templated":true}]}}