{"id":7025,"date":"2020-11-20T17:03:15","date_gmt":"2020-11-20T20:03:15","guid":{"rendered":"http:\/\/www.centraldenoticias.com.ar\/?p=7025"},"modified":"2020-11-20T17:03:15","modified_gmt":"2020-11-20T20:03:15","slug":"anuncian-un-corte-de-luz-para-este-domingo","status":"publish","type":"post","link":"https:\/\/cdnoticias.com\/index.php\/2020\/11\/20\/anuncian-un-corte-de-luz-para-este-domingo\/","title":{"rendered":"Anuncian un corte de luz para este domingo"},"content":{"rendered":"<p>Coopelectric inform\u00f3 la interrupci\u00f3n del servicio por tareas de mantenimiento en un sector de la ciudad.<!--more--><\/p>\n<hr \/>\n<p>Desde Coopelectric se anunci\u00f3 un <strong>corte de energ\u00eda el\u00e9ctrica<\/strong> previsto para la jornada del domingo.<\/p>\n<p>&nbsp;<\/p>\n<p>Ser\u00e1 en el horario de <strong>5:30 a 8:30<\/strong> en el sector comprendido por las calles <strong>Lamadrid, avenida Del Valle, v\u00edas del Ferrocarril y avenida Avellaneda.<\/strong><\/p>\n<p>&nbsp;<\/p>\n<p>El motivo de la interrupci\u00f3n es la realizaci\u00f3n de <strong>tareas de mantenimiento<\/strong>. Se record\u00f3 que pueden reprogramarse si las condiciones clim\u00e1ticas son adversas.<\/p>\n","protected":false},"excerpt":{"rendered":"<p>Coopelectric inform\u00f3 la interrupci\u00f3n del servicio por tareas de mantenimiento en un sector de la ciudad.<\/p>\n","protected":false},"author":5,"featured_media":453,"comment_status":"closed","ping_status":"closed","sticky":false,"template":"","format":"standard","meta":{"_jetpack_memberships_contains_paid_content":false,"footnotes":""},"categories":[5,1],"tags":[],"class_list":["post-7025","post","type-post","status-publish","format-standard","has-post-thumbnail","hentry","category-informacion-general","category-portada"],"jetpack_featured_media_url":"https:\/\/i0.wp.com\/cdnoticias.com\/wp-content\/uploads\/2020\/09\/DSC_8512.jpg?fit=4608%2C3072&ssl=1","jetpack_sharing_enabled":true,"_links":{"self":[{"href":"https:\/\/cdnoticias.com\/index.php\/wp-json\/wp\/v2\/posts\/7025","targetHints":{"allow":["GET"]}}],"collection":[{"href":"https:\/\/cdnoticias.com\/index.php\/wp-json\/wp\/v2\/posts"}],"about":[{"href":"https:\/\/cdnoticias.com\/index.php\/wp-json\/wp\/v2\/types\/post"}],"author":[{"embeddable":true,"href":"https:\/\/cdnoticias.com\/index.php\/wp-json\/wp\/v2\/users\/5"}],"replies":[{"embeddable":true,"href":"https:\/\/cdnoticias.com\/index.php\/wp-json\/wp\/v2\/comments?post=7025"}],"version-history":[{"count":0,"href":"https:\/\/cdnoticias.com\/index.php\/wp-json\/wp\/v2\/posts\/7025\/revisions"}],"wp:featuredmedia":[{"embeddable":true,"href":"https:\/\/cdnoticias.com\/index.php\/wp-json\/wp\/v2\/media\/453"}],"wp:attachment":[{"href":"https:\/\/cdnoticias.com\/index.php\/wp-json\/wp\/v2\/media?parent=7025"}],"wp:term":[{"taxonomy":"category","embeddable":true,"href":"https:\/\/cdnoticias.com\/index.php\/wp-json\/wp\/v2\/categories?post=7025"},{"taxonomy":"post_tag","embeddable":true,"href":"https:\/\/cdnoticias.com\/index.php\/wp-json\/wp\/v2\/tags?post=7025"}],"curies":[{"name":"wp","href":"https:\/\/api.w.org\/{rel}","templated":true}]}}