{"id":70230,"date":"2022-11-17T12:12:22","date_gmt":"2022-11-17T15:12:22","guid":{"rendered":"https:\/\/www.centraldenoticias.com.ar\/?p=70230"},"modified":"2022-11-17T16:01:17","modified_gmt":"2022-11-17T19:01:17","slug":"recoleccion-de-residuos-es-un-pliego-mas-sin-analisis-y-sin-solucionar-el-problema","status":"publish","type":"post","link":"https:\/\/cdnoticias.com\/index.php\/2022\/11\/17\/recoleccion-de-residuos-es-un-pliego-mas-sin-analisis-y-sin-solucionar-el-problema\/","title":{"rendered":"Recolecci\u00f3n de residuos: \u201ces un pliego m\u00e1s sin an\u00e1lisis y sin solucionar el problema\u201d"},"content":{"rendered":"<p>Celeste Arouxet (Ahora Olavarr\u00eda) critic\u00f3 el llamado a licitaci\u00f3n del Municipio para el servicio de recolecci\u00f3n. Propuso abrir una mesa de di\u00e1logo y asegur\u00f3 que la prestaci\u00f3n \u201ctiene graves inconvenientes\u201d. <!--more--><\/p>\n<hr \/>\n<p>Luego de que Central de Noticias diera a conocer los detalles del <a href=\"https:\/\/cdnoticias.com\/index.php\/2022\/11\/15\/ya-salio-la-licitacion-de-la-recoleccion-de-residuos-16-mil-millones-de-pesos\/\" target=\"_blank\" rel=\"noopener\">llamado a licitaci\u00f3n del Municipio para el servicio de recolecci\u00f3n de residuos<\/a>, el bloque Ahora Olavarr\u00eda se manifest\u00f3 en contra del llamado.<\/p>\n<p>&nbsp;<\/p>\n<p>La concejala <strong>Celeste Arouxet<\/strong> dialog\u00f3 este jueves con el programa radial<em> Levantate (FM 102.7 Radio Sapiens)<\/em> y sostuvo que<strong> \u201csi hab\u00eda un pliego que hab\u00eda que trabajar en una mesa de di\u00e1logo era el de la recolecci\u00f3n de residuos\u201d.<\/strong><\/p>\n<p>&nbsp;<\/p>\n<p><strong>\u201cNo nos esper\u00e1bamos en este momento la presentaci\u00f3n de los pliegos definitivos de un servicio que todos sabemos que viene con graves inconvenientes\u201d,<\/strong> se\u00f1al\u00f3 y resalt\u00f3 que \u201ctampoco nos tenemos que olvidar que es uno de los gastos m\u00e1s grandes que tiene el municipio, m\u00e1s de 163 millones por mes de gastos. Y hay una pol\u00edtica tambi\u00e9n por otro lado, a trav\u00e9s de la subsecretar\u00eda de Medio Ambiente, el programa GIRO, donde se le est\u00e1 pagando a monotributistas casi 119 mil pesos como supervisores del programa GIRO\u201d.<\/p>\n<p>&nbsp;<\/p>\n<p>\u201c<strong>Son un mont\u00f3n de gastos que est\u00e1 generando la recolecci\u00f3n de residuos en Olavarr\u00eda.<\/strong> La renovaci\u00f3n de un pliego deber\u00eda haberse tratado como han tratado los \u00faltimos pliegos del transporte, la extensi\u00f3n del contrato del servicio de agua, consensuados con el Concejo Deliberante o al menos abrir las mesas de di\u00e1logo para un servicio que tiene muchas irregularidades\u201d, enfatiz\u00f3 la concejala.<\/p>\n<p>&nbsp;<\/p>\n<p>Por otra parte, indic\u00f3 que <strong>\u201cson n\u00fameros muy altos para un presupuesto de Olavarr\u00eda que si sac\u00e1s los sueldos y la recolecci\u00f3n de residuos no te queda ni un 10 por ciento para gobernar\u201d<\/strong>. En ese sentido, es que desde Ahora Olavarr\u00eda afirmaron que a qui\u00e9n le toque gobernar el pr\u00f3ximo periodo <strong>\u201cle limit\u00e1s la actuaci\u00f3n y no solucion\u00e1s el problema de fondo que tiene la recolecci\u00f3n de residuos en Olavarr\u00eda\u201d.<\/strong><\/p>\n<p>&nbsp;<\/p>\n<p>Arouxet critic\u00f3 fuertemente el llamado a licitaci\u00f3n y sostuvo que <strong>\u201ces un pliego m\u00e1s sin an\u00e1lisis, sin diagn\u00f3stico y sin solucionar el problema\u201d<\/strong> y agreg\u00f3: \u201cproponemos abrir una <strong>mesa de di\u00e1logo<\/strong> para ver de qu\u00e9 manera el servicio de recolecci\u00f3n de residuos de una vez por todas se puede manejar como se tiene que manejar\u201d.<\/p>\n<p>&nbsp;<\/p>\n<blockquote class=\"wp-embedded-content\" data-secret=\"TzRzdVumwd\"><p><a href=\"https:\/\/cdnoticias.com\/index.php\/2022\/11\/15\/ya-salio-la-licitacion-de-la-recoleccion-de-residuos-16-mil-millones-de-pesos\/\">Ya sali\u00f3 la licitaci\u00f3n de la recolecci\u00f3n de residuos: 16 mil millones de pesos<\/a><\/p><\/blockquote>\n<p><iframe loading=\"lazy\" class=\"wp-embedded-content\" sandbox=\"allow-scripts\" security=\"restricted\" style=\"position: absolute; clip: rect(1px, 1px, 1px, 1px);\" title=\"&#8220;Ya sali\u00f3 la licitaci\u00f3n de la recolecci\u00f3n de residuos: 16 mil millones de pesos&#8221; &#8212; Central de Noticias | Olavarr\u00eda\" src=\"https:\/\/cdnoticias.com\/index.php\/2022\/11\/15\/ya-salio-la-licitacion-de-la-recoleccion-de-residuos-16-mil-millones-de-pesos\/embed\/#?secret=pwO4GKff09#?secret=TzRzdVumwd\" data-secret=\"TzRzdVumwd\" width=\"600\" height=\"338\" frameborder=\"0\" marginwidth=\"0\" marginheight=\"0\" scrolling=\"no\"><\/iframe><\/p>\n","protected":false},"excerpt":{"rendered":"<p>Celeste Arouxet (Ahora Olavarr\u00eda) critic\u00f3 el llamado a licitaci\u00f3n del Municipio para el servicio de recolecci\u00f3n. Propuso abrir una mesa<\/p>\n","protected":false},"author":5,"featured_media":38165,"comment_status":"closed","ping_status":"closed","sticky":false,"template":"","format":"standard","meta":{"_jetpack_memberships_contains_paid_content":false,"footnotes":""},"categories":[4,1],"tags":[],"class_list":["post-70230","post","type-post","status-publish","format-standard","has-post-thumbnail","hentry","category-politica","category-portada"],"jetpack_featured_media_url":"https:\/\/i0.wp.com\/cdnoticias.com\/wp-content\/uploads\/2021\/11\/celeste-arouxet-4.jpg?fit=1600%2C890&ssl=1","jetpack_sharing_enabled":true,"_links":{"self":[{"href":"https:\/\/cdnoticias.com\/index.php\/wp-json\/wp\/v2\/posts\/70230","targetHints":{"allow":["GET"]}}],"collection":[{"href":"https:\/\/cdnoticias.com\/index.php\/wp-json\/wp\/v2\/posts"}],"about":[{"href":"https:\/\/cdnoticias.com\/index.php\/wp-json\/wp\/v2\/types\/post"}],"author":[{"embeddable":true,"href":"https:\/\/cdnoticias.com\/index.php\/wp-json\/wp\/v2\/users\/5"}],"replies":[{"embeddable":true,"href":"https:\/\/cdnoticias.com\/index.php\/wp-json\/wp\/v2\/comments?post=70230"}],"version-history":[{"count":0,"href":"https:\/\/cdnoticias.com\/index.php\/wp-json\/wp\/v2\/posts\/70230\/revisions"}],"wp:featuredmedia":[{"embeddable":true,"href":"https:\/\/cdnoticias.com\/index.php\/wp-json\/wp\/v2\/media\/38165"}],"wp:attachment":[{"href":"https:\/\/cdnoticias.com\/index.php\/wp-json\/wp\/v2\/media?parent=70230"}],"wp:term":[{"taxonomy":"category","embeddable":true,"href":"https:\/\/cdnoticias.com\/index.php\/wp-json\/wp\/v2\/categories?post=70230"},{"taxonomy":"post_tag","embeddable":true,"href":"https:\/\/cdnoticias.com\/index.php\/wp-json\/wp\/v2\/tags?post=70230"}],"curies":[{"name":"wp","href":"https:\/\/api.w.org\/{rel}","templated":true}]}}