{"id":70216,"date":"2022-11-17T08:57:04","date_gmt":"2022-11-17T11:57:04","guid":{"rendered":"https:\/\/www.centraldenoticias.com.ar\/?p=70216"},"modified":"2022-11-17T08:57:04","modified_gmt":"2022-11-17T11:57:04","slug":"se-suspendio-el-corte-de-luz-previsto-para-dos-sectores-de-la-ciudad","status":"publish","type":"post","link":"https:\/\/cdnoticias.com\/index.php\/2022\/11\/17\/se-suspendio-el-corte-de-luz-previsto-para-dos-sectores-de-la-ciudad\/","title":{"rendered":"Se suspendi\u00f3 el corte de luz previsto para dos sectores de la ciudad"},"content":{"rendered":"<p>As\u00ed lo informaron desde Coopelectric. Se iba a concretar durante la ma\u00f1ana de este jueves.<!--more--><\/p>\n<hr \/>\n<p>Desde Coopelectric se inform\u00f3 que <strong>se suspendi\u00f3 el corte de luz<\/strong> que se iba a concretar durante la ma\u00f1ana de este jueves por tareas de mantenimiento.<\/p>\n<p>&nbsp;<\/p>\n<p>Se iba a realizar en dos sectores de la ciudad:<\/p>\n<p>&nbsp;<\/p>\n<p><strong>Sector 1:<\/strong> avenida Circunvalaci\u00f3n Sur- V\u00edas del FFCC- Calle 16-avenida Pellegrini.<\/p>\n<p><strong>Sector 2:<\/strong> Calle 16- avenida Urquiza- avenida Avellaneda- avenida Pellegrini.<\/p>\n<p>&nbsp;<\/p>\n<p>Las tareas<strong> ser\u00e1n reprogramadas<\/strong> y se informar\u00e1 oportunamente.<\/p>\n","protected":false},"excerpt":{"rendered":"<p>As\u00ed lo informaron desde Coopelectric. Se iba a concretar durante la ma\u00f1ana de este jueves.<\/p>\n","protected":false},"author":5,"featured_media":41403,"comment_status":"closed","ping_status":"closed","sticky":false,"template":"","format":"standard","meta":{"_jetpack_memberships_contains_paid_content":false,"footnotes":""},"categories":[5,1],"tags":[],"class_list":["post-70216","post","type-post","status-publish","format-standard","has-post-thumbnail","hentry","category-informacion-general","category-portada"],"jetpack_featured_media_url":"https:\/\/i0.wp.com\/cdnoticias.com\/wp-content\/uploads\/2021\/12\/coopelectric-camion.jpg?fit=1600%2C890&ssl=1","jetpack_sharing_enabled":true,"_links":{"self":[{"href":"https:\/\/cdnoticias.com\/index.php\/wp-json\/wp\/v2\/posts\/70216","targetHints":{"allow":["GET"]}}],"collection":[{"href":"https:\/\/cdnoticias.com\/index.php\/wp-json\/wp\/v2\/posts"}],"about":[{"href":"https:\/\/cdnoticias.com\/index.php\/wp-json\/wp\/v2\/types\/post"}],"author":[{"embeddable":true,"href":"https:\/\/cdnoticias.com\/index.php\/wp-json\/wp\/v2\/users\/5"}],"replies":[{"embeddable":true,"href":"https:\/\/cdnoticias.com\/index.php\/wp-json\/wp\/v2\/comments?post=70216"}],"version-history":[{"count":0,"href":"https:\/\/cdnoticias.com\/index.php\/wp-json\/wp\/v2\/posts\/70216\/revisions"}],"wp:featuredmedia":[{"embeddable":true,"href":"https:\/\/cdnoticias.com\/index.php\/wp-json\/wp\/v2\/media\/41403"}],"wp:attachment":[{"href":"https:\/\/cdnoticias.com\/index.php\/wp-json\/wp\/v2\/media?parent=70216"}],"wp:term":[{"taxonomy":"category","embeddable":true,"href":"https:\/\/cdnoticias.com\/index.php\/wp-json\/wp\/v2\/categories?post=70216"},{"taxonomy":"post_tag","embeddable":true,"href":"https:\/\/cdnoticias.com\/index.php\/wp-json\/wp\/v2\/tags?post=70216"}],"curies":[{"name":"wp","href":"https:\/\/api.w.org\/{rel}","templated":true}]}}