{"id":70202,"date":"2022-11-16T20:39:56","date_gmt":"2022-11-16T23:39:56","guid":{"rendered":"https:\/\/www.centraldenoticias.com.ar\/?p=70202"},"modified":"2022-11-17T09:06:34","modified_gmt":"2022-11-17T12:06:34","slug":"tras-haber-recibido-nueva-informacion-suspendieron-la-movilizacion-de-industrial-al-municipio","status":"publish","type":"post","link":"https:\/\/cdnoticias.com\/index.php\/2022\/11\/16\/tras-haber-recibido-nueva-informacion-suspendieron-la-movilizacion-de-industrial-al-municipio\/","title":{"rendered":"Tras haber recibido \u201cnueva informaci\u00f3n\u201d suspendieron la movilizaci\u00f3n de Industrial al Municipio"},"content":{"rendered":"<p>Pidieron disculpas por la r\u00e1pida suspensi\u00f3n y se\u00f1alaron que en estos d\u00edas \u201cvamos a definir las acciones a tomar\u201d.<!--more--><\/p>\n<hr \/>\n<p>Luego de haber <a href=\"https:\/\/cdnoticias.com\/index.php\/2022\/11\/16\/la-comunidad-educativa-de-la-escuela-industrial-se-movilizara-este-viernes-al-municipio\/\" target=\"_blank\" rel=\"noopener\">confirmado una movilizaci\u00f3n<\/a> al Municipio que durar\u00eda toda la ma\u00f1ana de este viernes, <strong>el Centro de Estudiantes de la Escuela Industrial \u201cC\u00f3digo Grasa\u201d finalmente suspendi\u00f3 dicha manifestaci\u00f3n.<\/strong><\/p>\n<p>&nbsp;<\/p>\n<p>Explicaron, en un breve comunicado emitido en sus redes sociales, que<strong> durante la tarde de este mi\u00e9rcoles recibieron \u201cnueva informaci\u00f3n\u201d que gener\u00f3 el cese de la iniciativa que convocaba a toda la comunidad educativa.<\/strong><\/p>\n<p>&nbsp;<\/p>\n<blockquote><p>\u201cLa movida que se iba a llevar a cabo este viernes va a ser suspendida hasta nuevo aviso dado que hemos recibido nueva informaci\u00f3n y vamos a esperar para movernos\u201d se\u00f1ala la informaci\u00f3n emitida por la agrupaci\u00f3n.<\/p><\/blockquote>\n<p>&nbsp;<\/p>\n<p><strong><em>\u201cEn estos d\u00edas estar\u00e1n recibiendo noticias de las acciones que vamos a tomar\u201d<\/em><\/strong> cierra el mensaje la agrupaci\u00f3n C\u00f3digo Grasa, que de esta forma pone un alto a las protestas que comenzaron d\u00edas pasados y que, en medio, tuvo una primera reuni\u00f3n conciliatoria entre autoridades de la escuela y el Municipio.<\/p>\n","protected":false},"excerpt":{"rendered":"<p>Pidieron disculpas por la r\u00e1pida suspensi\u00f3n y se\u00f1alaron que en estos d\u00edas \u201cvamos a definir las acciones a tomar\u201d.<\/p>\n","protected":false},"author":5,"featured_media":69586,"comment_status":"closed","ping_status":"closed","sticky":false,"template":"","format":"standard","meta":{"_jetpack_memberships_contains_paid_content":false,"footnotes":""},"categories":[5,1],"tags":[],"class_list":["post-70202","post","type-post","status-publish","format-standard","has-post-thumbnail","hentry","category-informacion-general","category-portada"],"jetpack_featured_media_url":"https:\/\/i0.wp.com\/cdnoticias.com\/wp-content\/uploads\/2022\/11\/MarchaIndustrial13.jpg?fit=720%2C480&ssl=1","jetpack_sharing_enabled":true,"_links":{"self":[{"href":"https:\/\/cdnoticias.com\/index.php\/wp-json\/wp\/v2\/posts\/70202","targetHints":{"allow":["GET"]}}],"collection":[{"href":"https:\/\/cdnoticias.com\/index.php\/wp-json\/wp\/v2\/posts"}],"about":[{"href":"https:\/\/cdnoticias.com\/index.php\/wp-json\/wp\/v2\/types\/post"}],"author":[{"embeddable":true,"href":"https:\/\/cdnoticias.com\/index.php\/wp-json\/wp\/v2\/users\/5"}],"replies":[{"embeddable":true,"href":"https:\/\/cdnoticias.com\/index.php\/wp-json\/wp\/v2\/comments?post=70202"}],"version-history":[{"count":0,"href":"https:\/\/cdnoticias.com\/index.php\/wp-json\/wp\/v2\/posts\/70202\/revisions"}],"wp:featuredmedia":[{"embeddable":true,"href":"https:\/\/cdnoticias.com\/index.php\/wp-json\/wp\/v2\/media\/69586"}],"wp:attachment":[{"href":"https:\/\/cdnoticias.com\/index.php\/wp-json\/wp\/v2\/media?parent=70202"}],"wp:term":[{"taxonomy":"category","embeddable":true,"href":"https:\/\/cdnoticias.com\/index.php\/wp-json\/wp\/v2\/categories?post=70202"},{"taxonomy":"post_tag","embeddable":true,"href":"https:\/\/cdnoticias.com\/index.php\/wp-json\/wp\/v2\/tags?post=70202"}],"curies":[{"name":"wp","href":"https:\/\/api.w.org\/{rel}","templated":true}]}}