{"id":70195,"date":"2022-11-16T19:49:59","date_gmt":"2022-11-16T22:49:59","guid":{"rendered":"https:\/\/www.centraldenoticias.com.ar\/?p=70195"},"modified":"2022-11-16T20:40:25","modified_gmt":"2022-11-16T23:40:25","slug":"importante-avance-en-el-proceso-de-escrituracion-del-barrio-san-martin","status":"publish","type":"post","link":"https:\/\/cdnoticias.com\/index.php\/2022\/11\/16\/importante-avance-en-el-proceso-de-escrituracion-del-barrio-san-martin\/","title":{"rendered":"Importante avance en el proceso de escrituraci\u00f3n del barrio San Mart\u00edn"},"content":{"rendered":"<p>\u201cEl paso que hemos dado es un paso enorme, porque sin este paso no hab\u00eda forma de pensar en so\u00f1ar con tener la escritura&#8221; expres\u00f3 el Intendente Ezequiel Galli.<!--more--><\/p>\n<hr \/>\n<p>El <strong>intendente Ezequiel Galli<\/strong> inform\u00f3 a los vecinos y vecinas del <strong>barrio San Mart\u00edn<\/strong> que el lote donde se encuentra emplazado ese barrio ya pertenece a la Municipalidad de Olavarr\u00eda, lo que permitir\u00e1 <strong>avanzar en el proceso de escrituraci\u00f3n de cada uno de los hogares de ese punto de la ciudad.<\/strong><\/p>\n<p>&nbsp;<\/p>\n<p>La novedad fue comunicada en una convocatoria que se desarroll\u00f3 en la <strong>sede del Servicio Territorial N\u00b0 2<\/strong>, donde el jefe comunal estuvo acompa\u00f1ado por el secretario de Gobierno<strong> Hilario Galli,<\/strong> el secretario de Obras P\u00fablicas y Mantenimiento <strong>Julio Ferraro,<\/strong> el subsecretario de Legal y T\u00e9cnica<strong> Marcelo Pablo Fabbi<\/strong> y la directora de Casa de Tierras y Regularizaci\u00f3n Dominial <strong>Mar\u00eda Jos\u00e9 Gonz\u00e1lez,<\/strong> quien fue la primera oradora del evento que cont\u00f3 con la presencia de un importante n\u00famero de vecinas y vecinos, quienes tambi\u00e9n tuvieron la posibilidad de evacuar inquietudes.<\/p>\n<p>&nbsp;<\/p>\n<p>\u201cVinimos a darles una muy buena noticia, una noticia muy esperada por todos, que es que<strong> tenemos la escritura del predio a nombre del Municipio<\/strong>. Era necesario y vital tener este paso para poder ahora reconocerle a ustedes, a sus familias, el <strong>derecho que tienen por estar habitando esas 52 casas<\/strong>\u201d, expres\u00f3 la funcionaria municipal, quien luego apel\u00f3 a la colaboraci\u00f3n de los vecinos para poder avanzar con el proceso de escrituraci\u00f3n.<\/p>\n<p>&nbsp;<\/p>\n<p><img data-recalc-dims=\"1\" loading=\"lazy\" decoding=\"async\" class=\"aligncenter wp-image-70197 size-full\" src=\"https:\/\/i0.wp.com\/cdnoticias.com\/wp-content\/uploads\/2022\/11\/Anuncio-Escrituras-Barrio-San-Martin-1-scaled-1.jpg?resize=800%2C535&#038;ssl=1\" alt=\"\" width=\"800\" height=\"535\" srcset=\"https:\/\/i0.wp.com\/cdnoticias.com\/wp-content\/uploads\/2022\/11\/Anuncio-Escrituras-Barrio-San-Martin-1-scaled-1.jpg?w=2560&amp;ssl=1 2560w, https:\/\/i0.wp.com\/cdnoticias.com\/wp-content\/uploads\/2022\/11\/Anuncio-Escrituras-Barrio-San-Martin-1-scaled-1.jpg?resize=300%2C201&amp;ssl=1 300w, https:\/\/i0.wp.com\/cdnoticias.com\/wp-content\/uploads\/2022\/11\/Anuncio-Escrituras-Barrio-San-Martin-1-scaled-1.jpg?resize=1024%2C684&amp;ssl=1 1024w, https:\/\/i0.wp.com\/cdnoticias.com\/wp-content\/uploads\/2022\/11\/Anuncio-Escrituras-Barrio-San-Martin-1-scaled-1.jpg?resize=768%2C513&amp;ssl=1 768w, https:\/\/i0.wp.com\/cdnoticias.com\/wp-content\/uploads\/2022\/11\/Anuncio-Escrituras-Barrio-San-Martin-1-scaled-1.jpg?resize=1536%2C1027&amp;ssl=1 1536w, https:\/\/i0.wp.com\/cdnoticias.com\/wp-content\/uploads\/2022\/11\/Anuncio-Escrituras-Barrio-San-Martin-1-scaled-1.jpg?resize=2048%2C1369&amp;ssl=1 2048w, https:\/\/i0.wp.com\/cdnoticias.com\/wp-content\/uploads\/2022\/11\/Anuncio-Escrituras-Barrio-San-Martin-1-scaled-1.jpg?resize=272%2C182&amp;ssl=1 272w, https:\/\/i0.wp.com\/cdnoticias.com\/wp-content\/uploads\/2022\/11\/Anuncio-Escrituras-Barrio-San-Martin-1-scaled-1.jpg?w=1600&amp;ssl=1 1600w, https:\/\/i0.wp.com\/cdnoticias.com\/wp-content\/uploads\/2022\/11\/Anuncio-Escrituras-Barrio-San-Martin-1-scaled-1.jpg?w=2400&amp;ssl=1 2400w\" sizes=\"auto, (max-width: 800px) 100vw, 800px\" \/><\/p>\n<p>&nbsp;<\/p>\n<p>En ese sentido, explic\u00f3 que <strong>\u201cnadie se va a quedar sin la posibilidad de hacer el tr\u00e1mite.<\/strong> Esto es importante que se los digamos, hicimos de hecho una convocatoria masiva para tratar de que viajen los 52 expedientes juntos. La idea es esa porque sabemos la preocupaci\u00f3n y entendemos la necesidad de regularizar, por eso es que lo proponemos esta metodolog\u00eda de trabajo\u201d. En los pr\u00f3ximos d\u00edas personal de Casa de Tierras y Regularizaci\u00f3n Dominial visitar\u00e1 el barrio casa por casa para asesorar a vecinos y acompa\u00f1arlos en el proceso.<\/p>\n<p>&nbsp;<\/p>\n<p>\u201cFue complejo el tr\u00e1mite de escrituraci\u00f3n, a partir de ahora, como dijo Mar\u00eda Jos\u00e9, estamos en el momento cero. Ya estamos en condiciones de arrancar todo el proceso, que va a llevar un tiempo, pero lo importante es que <strong>ya se puede hacer el tr\u00e1mite de\u00a0 escrituraci\u00f3n y que se puede llegar al momento de la firma de la escritura\u201d<\/strong>, enfatiz\u00f3 el Intendente municipal.<\/p>\n<p>&nbsp;<\/p>\n<p>Galli subray\u00f3 que \u201cpara llegar a ese momento hab\u00eda que transitar todo esto, por lo cual creo que es un momento muy importante, por eso se los quer\u00edamos contar para que se enteren de parte nuestra. El equipo estuvo trabajando todo este tiempo y se logr\u00f3 algo que era realmente dif\u00edcil de lograrlo, as\u00ed que a partir de ahora es acompa\u00f1arlos en ese proceso. Lo que queremos es, si todos lo que est\u00e1n ac\u00e1 tienen intenciones de escriturar, es empezar los tr\u00e1mites as\u00ed todas las carpetas viajan juntas a La Plata y despu\u00e9s todas las carpetas viajan juntas a Olavarr\u00eda, para poder avanzar sobre la escrituraci\u00f3n\u201d, insistiendo en lo planteado previamente por la Directora de Casa de Tierras y Regularizaci\u00f3n Dominial.<\/p>\n<p>&nbsp;<\/p>\n<p><img data-recalc-dims=\"1\" loading=\"lazy\" decoding=\"async\" class=\"aligncenter wp-image-70196 size-full\" src=\"https:\/\/i0.wp.com\/cdnoticias.com\/wp-content\/uploads\/2022\/11\/Anuncio-Escrituras-Barrio-San-Martin-3-scaled-1.jpg?resize=800%2C535&#038;ssl=1\" alt=\"\" width=\"800\" height=\"535\" srcset=\"https:\/\/i0.wp.com\/cdnoticias.com\/wp-content\/uploads\/2022\/11\/Anuncio-Escrituras-Barrio-San-Martin-3-scaled-1.jpg?w=2560&amp;ssl=1 2560w, https:\/\/i0.wp.com\/cdnoticias.com\/wp-content\/uploads\/2022\/11\/Anuncio-Escrituras-Barrio-San-Martin-3-scaled-1.jpg?resize=300%2C201&amp;ssl=1 300w, https:\/\/i0.wp.com\/cdnoticias.com\/wp-content\/uploads\/2022\/11\/Anuncio-Escrituras-Barrio-San-Martin-3-scaled-1.jpg?resize=1024%2C684&amp;ssl=1 1024w, https:\/\/i0.wp.com\/cdnoticias.com\/wp-content\/uploads\/2022\/11\/Anuncio-Escrituras-Barrio-San-Martin-3-scaled-1.jpg?resize=768%2C513&amp;ssl=1 768w, https:\/\/i0.wp.com\/cdnoticias.com\/wp-content\/uploads\/2022\/11\/Anuncio-Escrituras-Barrio-San-Martin-3-scaled-1.jpg?resize=1536%2C1027&amp;ssl=1 1536w, https:\/\/i0.wp.com\/cdnoticias.com\/wp-content\/uploads\/2022\/11\/Anuncio-Escrituras-Barrio-San-Martin-3-scaled-1.jpg?resize=2048%2C1369&amp;ssl=1 2048w, https:\/\/i0.wp.com\/cdnoticias.com\/wp-content\/uploads\/2022\/11\/Anuncio-Escrituras-Barrio-San-Martin-3-scaled-1.jpg?resize=272%2C182&amp;ssl=1 272w, https:\/\/i0.wp.com\/cdnoticias.com\/wp-content\/uploads\/2022\/11\/Anuncio-Escrituras-Barrio-San-Martin-3-scaled-1.jpg?w=1600&amp;ssl=1 1600w, https:\/\/i0.wp.com\/cdnoticias.com\/wp-content\/uploads\/2022\/11\/Anuncio-Escrituras-Barrio-San-Martin-3-scaled-1.jpg?w=2400&amp;ssl=1 2400w\" sizes=\"auto, (max-width: 800px) 100vw, 800px\" \/><\/p>\n<p>&nbsp;<\/p>\n<p><em><strong>\u201cEl paso que hemos dado es un paso enorme, porque sin este paso no hab\u00eda forma de pensar en so\u00f1ar con tener la escritura<\/strong>,<\/em> as\u00ed que hoy ya se puede so\u00f1ar en tener la escritura y tengan realmente esperanza, porque las chicas est\u00e1n trabajando permanentemente con estos temas, est\u00e1 muy aceitado el tr\u00e1mite con la Escriban\u00eda General de Gobierno y la escritura la van a tener, esa es la tranquilidad tambi\u00e9n que les quer\u00eda dejar, que sin nuestra escritura ustedes no iban a tener la de ustedes. Ahora empecemos a tramitarlo juntos, cuenten con la oficina porque las chicas est\u00e1n a disposici\u00f3n para evacuar todas las dudas que tengan.<em><strong> Las puertas est\u00e1n abiertas, pero es clave y determinante el tomar la decisi\u00f3n de empezarlo todos juntos\u201d<\/strong><\/em>, finaliz\u00f3.<\/p>\n","protected":false},"excerpt":{"rendered":"<p>\u201cEl paso que hemos dado es un paso enorme, porque sin este paso no hab\u00eda forma de pensar en so\u00f1ar<\/p>\n","protected":false},"author":6,"featured_media":70198,"comment_status":"closed","ping_status":"closed","sticky":false,"template":"","format":"standard","meta":{"_jetpack_memberships_contains_paid_content":false,"footnotes":""},"categories":[5,1],"tags":[],"class_list":["post-70195","post","type-post","status-publish","format-standard","has-post-thumbnail","hentry","category-informacion-general","category-portada"],"jetpack_featured_media_url":"https:\/\/i0.wp.com\/cdnoticias.com\/wp-content\/uploads\/2022\/11\/Anuncio-Escrituras-Barrio-San-Martin-2-scaled-1.jpg?fit=2560%2C1711&ssl=1","jetpack_sharing_enabled":true,"_links":{"self":[{"href":"https:\/\/cdnoticias.com\/index.php\/wp-json\/wp\/v2\/posts\/70195","targetHints":{"allow":["GET"]}}],"collection":[{"href":"https:\/\/cdnoticias.com\/index.php\/wp-json\/wp\/v2\/posts"}],"about":[{"href":"https:\/\/cdnoticias.com\/index.php\/wp-json\/wp\/v2\/types\/post"}],"author":[{"embeddable":true,"href":"https:\/\/cdnoticias.com\/index.php\/wp-json\/wp\/v2\/users\/6"}],"replies":[{"embeddable":true,"href":"https:\/\/cdnoticias.com\/index.php\/wp-json\/wp\/v2\/comments?post=70195"}],"version-history":[{"count":0,"href":"https:\/\/cdnoticias.com\/index.php\/wp-json\/wp\/v2\/posts\/70195\/revisions"}],"wp:featuredmedia":[{"embeddable":true,"href":"https:\/\/cdnoticias.com\/index.php\/wp-json\/wp\/v2\/media\/70198"}],"wp:attachment":[{"href":"https:\/\/cdnoticias.com\/index.php\/wp-json\/wp\/v2\/media?parent=70195"}],"wp:term":[{"taxonomy":"category","embeddable":true,"href":"https:\/\/cdnoticias.com\/index.php\/wp-json\/wp\/v2\/categories?post=70195"},{"taxonomy":"post_tag","embeddable":true,"href":"https:\/\/cdnoticias.com\/index.php\/wp-json\/wp\/v2\/tags?post=70195"}],"curies":[{"name":"wp","href":"https:\/\/api.w.org\/{rel}","templated":true}]}}