{"id":70185,"date":"2022-11-16T18:19:04","date_gmt":"2022-11-16T21:19:04","guid":{"rendered":"https:\/\/www.centraldenoticias.com.ar\/?p=70185"},"modified":"2022-11-16T19:50:11","modified_gmt":"2022-11-16T22:50:11","slug":"la-comunidad-educativa-de-la-escuela-industrial-se-movilizara-este-viernes-al-municipio","status":"publish","type":"post","link":"https:\/\/cdnoticias.com\/index.php\/2022\/11\/16\/la-comunidad-educativa-de-la-escuela-industrial-se-movilizara-este-viernes-al-municipio\/","title":{"rendered":"La comunidad educativa de la Escuela Industrial se movilizar\u00e1 este viernes al Municipio"},"content":{"rendered":"<p>Ser\u00e1 nuevamente en reclamo por el denunciado \u201cintento de hurto\u201d de los terrenos linderos por parte de la comuna. Adem\u00e1s, insistir\u00e1n por el &#8220;robo del alambrado y la tranquera del lugar&#8221;.<!--more--><\/p>\n<hr \/>\n<p>Luego de reuniones, posturas, presentaci\u00f3n de documentaci\u00f3n y varias iniciativas, <strong>la comunidad educativa de la Escuela Industrial se movilizar\u00e1 nuevamente para reclamar por la pertenencia de los terrenos linderos a su establecimiento educativo en avenida Del Valle.<\/strong><\/p>\n<p>&nbsp;<\/p>\n<p><strong>Ser\u00e1 este viernes desde las 08:00 horas y hasta las 14:00 en las puertas del Municipio<\/strong> en reclamo de los terrenos pero, adem\u00e1s, <strong>catalogaron dicha acci\u00f3n como un \u201cintento de hurto\u201d<\/strong> por parte de la comuna, sumado a lo que describieron como \u201cel robo tanto del alambrado como de la tranquera\u201d.<\/p>\n<p>&nbsp;<\/p>\n<blockquote><p>\u201cEsto no es un capricho. Lo que el municipio est\u00e1 haciendo es una burla hacia la escuela y como grasas no podemos permitirlo\u201d se\u00f1alaron desde el Centro de Estudiantes \u201cC\u00f3digo Grasa\u201d que insistieron en que el Colegio es el propietario de las tierras linderas.<\/p><\/blockquote>\n<p>&nbsp;<\/p>\n<blockquote class=\"instagram-media\" style=\"background: #FFF; border: 0; border-radius: 3px; box-shadow: 0 0 1px 0 rgba(0,0,0,0.5),0 1px 10px 0 rgba(0,0,0,0.15); margin: 1px; max-width: 540px; min-width: 326px; padding: 0; width: calc(100% - 2px);\" data-instgrm-captioned=\"\" data-instgrm-permalink=\"https:\/\/www.instagram.com\/p\/ClBe5HguLkW\/?utm_source=ig_embed&amp;utm_campaign=loading\" data-instgrm-version=\"14\">\n<div style=\"padding: 16px;\">\n<p>&nbsp;<\/p>\n<div style=\"display: flex; flex-direction: row; align-items: center;\">\n<div style=\"background-color: #f4f4f4; border-radius: 50%; flex-grow: 0; height: 40px; margin-right: 14px; width: 40px;\"><\/div>\n<div style=\"display: flex; flex-direction: column; flex-grow: 1; justify-content: center;\">\n<div style=\"background-color: #f4f4f4; border-radius: 4px; flex-grow: 0; height: 14px; margin-bottom: 6px; width: 100px;\"><\/div>\n<div style=\"background-color: #f4f4f4; border-radius: 4px; flex-grow: 0; height: 14px; width: 60px;\"><\/div>\n<\/div>\n<\/div>\n<div style=\"padding: 19% 0;\"><\/div>\n<div style=\"display: block; height: 50px; margin: 0 auto 12px; width: 50px;\"><\/div>\n<div style=\"padding-top: 8px;\">\n<div style=\"color: #3897f0; font-family: Arial,sans-serif; font-size: 14px; font-style: normal; font-weight: 550; line-height: 18px;\">Ver esta publicaci\u00f3n en Instagram<\/div>\n<\/div>\n<div style=\"padding: 12.5% 0;\"><\/div>\n<div style=\"display: flex; flex-direction: row; margin-bottom: 14px; align-items: center;\">\n<div>\n<div style=\"background-color: #f4f4f4; border-radius: 50%; height: 12.5px; width: 12.5px; transform: translateX(0px) translateY(7px);\"><\/div>\n<div style=\"background-color: #f4f4f4; height: 12.5px; transform: rotate(-45deg) translateX(3px) translateY(1px); width: 12.5px; flex-grow: 0; margin-right: 14px; margin-left: 2px;\"><\/div>\n<div style=\"background-color: #f4f4f4; border-radius: 50%; height: 12.5px; width: 12.5px; transform: translateX(9px) translateY(-18px);\"><\/div>\n<\/div>\n<div style=\"margin-left: 8px;\">\n<div style=\"background-color: #f4f4f4; border-radius: 50%; flex-grow: 0; height: 20px; width: 20px;\"><\/div>\n<div style=\"width: 0; height: 0; border-top: 2px solid transparent; border-left: 6px solid #f4f4f4; border-bottom: 2px solid transparent; transform: translateX(16px) translateY(-4px) rotate(30deg);\"><\/div>\n<\/div>\n<div style=\"margin-left: auto;\">\n<div style=\"width: 0px; border-top: 8px solid #F4F4F4; border-right: 8px solid transparent; transform: translateY(16px);\"><\/div>\n<div style=\"background-color: #f4f4f4; flex-grow: 0; height: 12px; width: 16px; transform: translateY(-4px);\"><\/div>\n<div style=\"width: 0; height: 0; border-top: 8px solid #F4F4F4; border-left: 8px solid transparent; transform: translateY(-4px) translateX(8px);\"><\/div>\n<\/div>\n<\/div>\n<div style=\"display: flex; flex-direction: column; flex-grow: 1; justify-content: center; margin-bottom: 24px;\">\n<div style=\"background-color: #f4f4f4; border-radius: 4px; flex-grow: 0; height: 14px; margin-bottom: 6px; width: 224px;\"><\/div>\n<div style=\"background-color: #f4f4f4; border-radius: 4px; flex-grow: 0; height: 14px; width: 144px;\"><\/div>\n<\/div>\n<p>&nbsp;<\/p>\n<p style=\"color: #c9c8cd; font-family: Arial,sans-serif; font-size: 14px; line-height: 17px; margin-bottom: 0; margin-top: 8px; overflow: hidden; padding: 8px 0 7px; text-align: center; text-overflow: ellipsis; white-space: nowrap;\"><a style=\"color: #c9c8cd; font-family: Arial,sans-serif; font-size: 14px; font-style: normal; font-weight: normal; line-height: 17px; text-decoration: none;\" href=\"https:\/\/www.instagram.com\/p\/ClBe5HguLkW\/?utm_source=ig_embed&amp;utm_campaign=loading\" target=\"_blank\" rel=\"noopener\">Una publicaci\u00f3n compartida de C\u00f3digo Grasa (@codigograsa)<\/a><\/p>\n<\/div>\n<\/blockquote>\n<p><script async src=\"\/\/www.instagram.com\/embed.js\"><\/script><\/p>\n<p>&nbsp;<\/p>\n<p>Tras la pol\u00e9mica y la movilizaci\u00f3n de un centenar de integrantes de la comunidad educativa de la Escuela, <strong>hubo un encuentro d\u00edas atr\u00e1s entre la Cooperadora, autoridades de Industrial y el Municipio, donde la comuna mostr\u00f3 documentaci\u00f3n y el \u201ccamino legislativo\u201d que demostraba que las tierras pertenec\u00edan al Estado Municipal.<\/strong><\/p>\n<p>&nbsp;<\/p>\n<p>Desde la Cooperadora indicaron que \u201cellos presentaron su documentaci\u00f3n\u201d y que <strong>ahora es una situaci\u00f3n que dirimir\u00e1 \u201cel Municipio y la Provincia\u201d.<\/strong> En paralelo, organizar\u00e1n esta movilizaci\u00f3n para el viernes.<\/p>\n","protected":false},"excerpt":{"rendered":"<p>Ser\u00e1 nuevamente en reclamo por el denunciado \u201cintento de hurto\u201d de los terrenos linderos por parte de la comuna. Adem\u00e1s,<\/p>\n","protected":false},"author":2,"featured_media":69584,"comment_status":"closed","ping_status":"closed","sticky":false,"template":"","format":"standard","meta":{"_jetpack_memberships_contains_paid_content":false,"footnotes":""},"categories":[5,1],"tags":[],"class_list":["post-70185","post","type-post","status-publish","format-standard","has-post-thumbnail","hentry","category-informacion-general","category-portada"],"jetpack_featured_media_url":"https:\/\/i0.wp.com\/cdnoticias.com\/wp-content\/uploads\/2022\/11\/MarchaIndustrial11.jpg?fit=720%2C480&ssl=1","jetpack_sharing_enabled":true,"_links":{"self":[{"href":"https:\/\/cdnoticias.com\/index.php\/wp-json\/wp\/v2\/posts\/70185","targetHints":{"allow":["GET"]}}],"collection":[{"href":"https:\/\/cdnoticias.com\/index.php\/wp-json\/wp\/v2\/posts"}],"about":[{"href":"https:\/\/cdnoticias.com\/index.php\/wp-json\/wp\/v2\/types\/post"}],"author":[{"embeddable":true,"href":"https:\/\/cdnoticias.com\/index.php\/wp-json\/wp\/v2\/users\/2"}],"replies":[{"embeddable":true,"href":"https:\/\/cdnoticias.com\/index.php\/wp-json\/wp\/v2\/comments?post=70185"}],"version-history":[{"count":0,"href":"https:\/\/cdnoticias.com\/index.php\/wp-json\/wp\/v2\/posts\/70185\/revisions"}],"wp:featuredmedia":[{"embeddable":true,"href":"https:\/\/cdnoticias.com\/index.php\/wp-json\/wp\/v2\/media\/69584"}],"wp:attachment":[{"href":"https:\/\/cdnoticias.com\/index.php\/wp-json\/wp\/v2\/media?parent=70185"}],"wp:term":[{"taxonomy":"category","embeddable":true,"href":"https:\/\/cdnoticias.com\/index.php\/wp-json\/wp\/v2\/categories?post=70185"},{"taxonomy":"post_tag","embeddable":true,"href":"https:\/\/cdnoticias.com\/index.php\/wp-json\/wp\/v2\/tags?post=70185"}],"curies":[{"name":"wp","href":"https:\/\/api.w.org\/{rel}","templated":true}]}}