{"id":70184,"date":"2022-11-16T18:42:16","date_gmt":"2022-11-16T21:42:16","guid":{"rendered":"https:\/\/www.centraldenoticias.com.ar\/?p=70184"},"modified":"2022-11-17T09:22:48","modified_gmt":"2022-11-17T12:22:48","slug":"hoy-hay-en-la-casa-una-placa-que-las-nombra-hoy-tienen-rostro-y-tambien-nombre","status":"publish","type":"post","link":"https:\/\/cdnoticias.com\/index.php\/2022\/11\/16\/hoy-hay-en-la-casa-una-placa-que-las-nombra-hoy-tienen-rostro-y-tambien-nombre\/","title":{"rendered":"&#8220;Hoy hay en la casa una placa que las nombra. Hoy tienen rostro y tambi\u00e9n nombre&#8221;"},"content":{"rendered":"<p>As\u00ed lo remarc\u00f3 la concejala In\u00e9s Creimer a trav\u00e9s de sus redes sociales, en el marco de la se\u00f1alizaci\u00f3n de la casa de Ricardo Barreda para recordar a las cuatro v\u00edctimas de femicidio, una de ellas su amiga.<!--more--><\/p>\n<hr \/>\n<div class=\"css-1dbjc4n\">Se cumplieron <strong>30 a\u00f1os del cu\u00e1druple femicidio<\/strong> por parte del odont\u00f3logo Ricardo Barreda quien <strong>asesin\u00f3 a su esposa<\/strong> (Gladys Margarita Mc Donald),<strong> sus dos hijas<\/strong> (Cecilia y Adriana) <strong>y su suegra<\/strong> (Elena Arreche).<\/div>\n<div>\n<p>&nbsp;<\/p>\n<p>La <strong>concejala In\u00e9s Creimer<\/strong> particip\u00f3 de un encuentro en la ciudad de La Plata donde se <strong>se\u00f1aliz\u00f3 la casa <\/strong>de Ricardo Barreda<strong> para recordar a las cuatro v\u00edctimas de femicidio, una de ellas su amiga.<\/strong><\/p>\n<p>&nbsp;<\/p>\n<p><em><strong>&#8220;La pandemia me dio espacio y tiempo para pensar algunas que cosas que seguramente no me hab\u00eda dado la valent\u00eda para hacerlo. Una de esas fue lo relacionado con el asesinato, hoy bien llamado femicidio, de mi amiga Cecilia Barreda. En esos d\u00edas me d\u00ed cuenta que ten\u00eda una gran deuda con ella, con su amor y con su amistad, y era la de recuperar su nombre y su rostro<\/strong><\/em>&#8221; expres\u00f3 Creimer en sus redes sociales.<\/p>\n<\/div>\n<p>&nbsp;<\/p>\n<p><img data-recalc-dims=\"1\" loading=\"lazy\" decoding=\"async\" class=\"aligncenter wp-image-70187 size-full\" src=\"https:\/\/i0.wp.com\/cdnoticias.com\/wp-content\/uploads\/2022\/11\/Fhsf0g8XwAA_Aae.jpg?resize=800%2C600&#038;ssl=1\" alt=\"\" width=\"800\" height=\"600\" srcset=\"https:\/\/i0.wp.com\/cdnoticias.com\/wp-content\/uploads\/2022\/11\/Fhsf0g8XwAA_Aae.jpg?w=1280&amp;ssl=1 1280w, https:\/\/i0.wp.com\/cdnoticias.com\/wp-content\/uploads\/2022\/11\/Fhsf0g8XwAA_Aae.jpg?resize=300%2C225&amp;ssl=1 300w, https:\/\/i0.wp.com\/cdnoticias.com\/wp-content\/uploads\/2022\/11\/Fhsf0g8XwAA_Aae.jpg?resize=1024%2C768&amp;ssl=1 1024w, https:\/\/i0.wp.com\/cdnoticias.com\/wp-content\/uploads\/2022\/11\/Fhsf0g8XwAA_Aae.jpg?resize=768%2C576&amp;ssl=1 768w\" sizes=\"auto, (max-width: 800px) 100vw, 800px\" \/><\/p>\n<div>\n<p>&nbsp;<\/p>\n<p>&#8220;A fines del a\u00f1o pasado me acerqu\u00e9 al Ministerio de las Mujeres, Pol\u00edticas de G\u00e9nero y Diversidad Sexual PBA con la inquietud y la necesidad de<strong> rescatar la memoria de mi amiga Cecilia, de Adriana, de Gladys y de Elena.<\/strong> <strong>Mi propuesta era imponer un nombre a la casa donde vivieron que hiciera referencia a ellas<\/strong>. La respuesta, fue esto que sucedi\u00f3 ayer y que fue mucho m\u00e1s all\u00e1 de eso&#8221; agreg\u00f3.<\/p>\n<p>&nbsp;<\/p>\n<p><em><strong>&#8220;Fue un encuentro con ellas desde el recuerdo, un ejercicio de la memoria de lo que fueron en vida, pero tambi\u00e9n un an\u00e1lisis de lo que llev\u00f3 a esta tragedia. Hoy las podemos mirar en la ventana de la casa de 48 en una imagen hermosa de las 4. Hoy hay en la casa una placa que las nombra. Hoy tienen rostro y tambi\u00e9n nombre. Seguiremos trabajando incansablemente para que alg\u00fan d\u00eda tengamos una sociedad libre de violencias&#8221;<\/strong><\/em> cerr\u00f3 Creimer.<\/p>\n<p>&nbsp;<\/p>\n<p>Adem\u00e1s particip\u00f3 del encuentro la Ministra de las Mujeres, Pol\u00edticas de G\u00e9nero y Diversidad Sexual de la provincia de Buenos Aires, <strong>Estela Diaz<\/strong> quien expres\u00f3 en sus redes sociales que &#8220;hoy es inaceptable pensar, en esta sociedad, que un cu\u00e1druple femicidio como el cometido contra Cecilia, Adriana, Beba y Gladys se pueda celebrar, se pueda festejar. Ese cambio lo logramos colectivamente, gracias a un enorme movimiento social como es el<strong> movimiento feminista de la Argentina que no par\u00f3 hasta en los contextos m\u00e1s duros, con un Estado que no escuchaba&#8221;.<\/strong><\/p>\n<\/div>\n<p>&nbsp;<\/p>\n<blockquote class=\"instagram-media\" style=\"background: #FFF; border: 0; border-radius: 3px; box-shadow: 0 0 1px 0 rgba(0,0,0,0.5),0 1px 10px 0 rgba(0,0,0,0.15); margin: 1px; max-width: 540px; min-width: 326px; padding: 0; width: calc(100% - 2px);\" data-instgrm-captioned=\"\" data-instgrm-permalink=\"https:\/\/www.instagram.com\/p\/ClANHxhuOSq\/?utm_source=ig_embed&amp;utm_campaign=loading\" data-instgrm-version=\"14\">\n<div style=\"padding: 16px;\">\n<p>&nbsp;<\/p>\n<div style=\"display: flex; flex-direction: row; align-items: center;\">\n<div style=\"background-color: #f4f4f4; border-radius: 50%; flex-grow: 0; height: 40px; margin-right: 14px; width: 40px;\"><\/div>\n<div style=\"display: flex; flex-direction: column; flex-grow: 1; justify-content: center;\">\n<div style=\"background-color: #f4f4f4; border-radius: 4px; flex-grow: 0; height: 14px; margin-bottom: 6px; width: 100px;\"><\/div>\n<div style=\"background-color: #f4f4f4; border-radius: 4px; flex-grow: 0; height: 14px; width: 60px;\"><\/div>\n<\/div>\n<\/div>\n<div style=\"padding: 19% 0;\"><\/div>\n<div style=\"display: block; height: 50px; margin: 0 auto 12px; width: 50px;\"><\/div>\n<div style=\"padding-top: 8px;\">\n<div style=\"color: #3897f0; font-family: Arial,sans-serif; font-size: 14px; font-style: normal; font-weight: 550; line-height: 18px;\">Ver esta publicaci\u00f3n en Instagram<\/div>\n<\/div>\n<div style=\"padding: 12.5% 0;\"><\/div>\n<div style=\"display: flex; flex-direction: row; margin-bottom: 14px; align-items: center;\">\n<div>\n<div style=\"background-color: #f4f4f4; border-radius: 50%; height: 12.5px; width: 12.5px; transform: translateX(0px) translateY(7px);\"><\/div>\n<div style=\"background-color: #f4f4f4; height: 12.5px; transform: rotate(-45deg) translateX(3px) translateY(1px); width: 12.5px; flex-grow: 0; margin-right: 14px; margin-left: 2px;\"><\/div>\n<div style=\"background-color: #f4f4f4; border-radius: 50%; height: 12.5px; width: 12.5px; transform: translateX(9px) translateY(-18px);\"><\/div>\n<\/div>\n<div style=\"margin-left: 8px;\">\n<div style=\"background-color: #f4f4f4; border-radius: 50%; flex-grow: 0; height: 20px; width: 20px;\"><\/div>\n<div style=\"width: 0; height: 0; border-top: 2px solid transparent; border-left: 6px solid #f4f4f4; border-bottom: 2px solid transparent; transform: translateX(16px) translateY(-4px) rotate(30deg);\"><\/div>\n<\/div>\n<div style=\"margin-left: auto;\">\n<div style=\"width: 0px; border-top: 8px solid #F4F4F4; border-right: 8px solid transparent; transform: translateY(16px);\"><\/div>\n<div style=\"background-color: #f4f4f4; flex-grow: 0; height: 12px; width: 16px; transform: translateY(-4px);\"><\/div>\n<div style=\"width: 0; height: 0; border-top: 8px solid #F4F4F4; border-left: 8px solid transparent; transform: translateY(-4px) translateX(8px);\"><\/div>\n<\/div>\n<\/div>\n<div style=\"display: flex; flex-direction: column; flex-grow: 1; justify-content: center; margin-bottom: 24px;\">\n<div style=\"background-color: #f4f4f4; border-radius: 4px; flex-grow: 0; height: 14px; margin-bottom: 6px; width: 224px;\"><\/div>\n<div style=\"background-color: #f4f4f4; border-radius: 4px; flex-grow: 0; height: 14px; width: 144px;\"><\/div>\n<\/div>\n<p>&nbsp;<\/p>\n<p style=\"color: #c9c8cd; font-family: Arial,sans-serif; font-size: 14px; line-height: 17px; margin-bottom: 0; margin-top: 8px; overflow: hidden; padding: 8px 0 7px; text-align: center; text-overflow: ellipsis; white-space: nowrap;\"><a style=\"color: #c9c8cd; font-family: Arial,sans-serif; font-size: 14px; font-style: normal; font-weight: normal; line-height: 17px; text-decoration: none;\" href=\"https:\/\/www.instagram.com\/p\/ClANHxhuOSq\/?utm_source=ig_embed&amp;utm_campaign=loading\" target=\"_blank\" rel=\"noopener\">Una publicaci\u00f3n compartida por Estela D\u00edaz (@estelaediaz)<\/a><\/p>\n<\/div>\n<\/blockquote>\n<p><script async src=\"\/\/www.instagram.com\/embed.js\"><\/script><\/p>\n<div>\n<p>&nbsp;<\/p>\n<\/div>\n<div dir=\"auto\" lang=\"es\" data-testid=\"tweetText\">\n<div class=\"css-1dbjc4n r-1r5su4o\">\n<div class=\"css-1dbjc4n r-1awozwy r-18u37iz r-1wtj0ep\">\n<div class=\"css-901oao r-1bwzh9t r-37j5jr r-a023e6 r-16dba41 r-rjixqe r-1b7u577 r-bcqeeo r-qvutc0\" dir=\"auto\">\n<div class=\"css-1dbjc4n r-1d09ksm r-1471scf r-18u37iz r-1wbh5a2\"><\/div>\n<\/div>\n<\/div>\n<\/div>\n<\/div>\n<div class=\"css-1dbjc4n\">\n<div id=\"id__mu9drryqdv\" class=\"css-1dbjc4n r-1ssbvtb r-1s2bzr4\" aria-labelledby=\"id__ysuu0ocbh1p id__i71q810c22\">\n<div class=\"css-1dbjc4n r-9aw3ui\">\n<div class=\"css-1dbjc4n\">\n<div class=\"css-1dbjc4n r-1kqtdi0 r-1867qdf r-1phboty r-rs99b7 r-1ny4l3l r-1udh08x r-o7ynqc r-6416eg\">\n<div class=\"css-1dbjc4n r-1adg3ll r-1udh08x\"><\/div>\n<\/div>\n<\/div>\n<\/div>\n<\/div>\n<\/div>\n<p>&nbsp;<\/p>\n<p>&nbsp;<\/p>\n","protected":false},"excerpt":{"rendered":"<p>As\u00ed lo remarc\u00f3 la concejala In\u00e9s Creimer a trav\u00e9s de sus redes sociales, en el marco de la se\u00f1alizaci\u00f3n de<\/p>\n","protected":false},"author":6,"featured_media":70186,"comment_status":"closed","ping_status":"closed","sticky":false,"template":"","format":"standard","meta":{"_jetpack_memberships_contains_paid_content":false,"footnotes":""},"categories":[3,1],"tags":[],"class_list":["post-70184","post","type-post","status-publish","format-standard","has-post-thumbnail","hentry","category-genero","category-portada"],"jetpack_featured_media_url":"https:\/\/i0.wp.com\/cdnoticias.com\/wp-content\/uploads\/2022\/11\/Fhsfw-TWAAEJ6oT.jpg?fit=1280%2C853&ssl=1","jetpack_sharing_enabled":true,"_links":{"self":[{"href":"https:\/\/cdnoticias.com\/index.php\/wp-json\/wp\/v2\/posts\/70184","targetHints":{"allow":["GET"]}}],"collection":[{"href":"https:\/\/cdnoticias.com\/index.php\/wp-json\/wp\/v2\/posts"}],"about":[{"href":"https:\/\/cdnoticias.com\/index.php\/wp-json\/wp\/v2\/types\/post"}],"author":[{"embeddable":true,"href":"https:\/\/cdnoticias.com\/index.php\/wp-json\/wp\/v2\/users\/6"}],"replies":[{"embeddable":true,"href":"https:\/\/cdnoticias.com\/index.php\/wp-json\/wp\/v2\/comments?post=70184"}],"version-history":[{"count":0,"href":"https:\/\/cdnoticias.com\/index.php\/wp-json\/wp\/v2\/posts\/70184\/revisions"}],"wp:featuredmedia":[{"embeddable":true,"href":"https:\/\/cdnoticias.com\/index.php\/wp-json\/wp\/v2\/media\/70186"}],"wp:attachment":[{"href":"https:\/\/cdnoticias.com\/index.php\/wp-json\/wp\/v2\/media?parent=70184"}],"wp:term":[{"taxonomy":"category","embeddable":true,"href":"https:\/\/cdnoticias.com\/index.php\/wp-json\/wp\/v2\/categories?post=70184"},{"taxonomy":"post_tag","embeddable":true,"href":"https:\/\/cdnoticias.com\/index.php\/wp-json\/wp\/v2\/tags?post=70184"}],"curies":[{"name":"wp","href":"https:\/\/api.w.org\/{rel}","templated":true}]}}