{"id":70179,"date":"2022-11-18T18:14:37","date_gmt":"2022-11-18T21:14:37","guid":{"rendered":"https:\/\/www.centraldenoticias.com.ar\/?p=70179"},"modified":"2022-11-18T18:14:37","modified_gmt":"2022-11-18T21:14:37","slug":"ezequiel-galli-visito-la-unidad-n-2-de-sierra-chica","status":"publish","type":"post","link":"https:\/\/cdnoticias.com\/index.php\/2022\/11\/18\/ezequiel-galli-visito-la-unidad-n-2-de-sierra-chica\/","title":{"rendered":"Ezequiel Galli visit\u00f3 la Unidad N\u00b0 2 de Sierra Chica"},"content":{"rendered":"<p>Durante la recorrida, el Intendente dialog\u00f3 con las autoridades del Servicio Penitenciario y con los internos que est\u00e1n llevando a cabo la construcci\u00f3n de las camas de una plaza.<!--more--><\/p>\n<hr \/>\n<p>En la tarde de este martes el <strong>intendente Ezequiel Galli visit\u00f3 la Unidad N\u00b0 2 del Servicio Penitenciario<\/strong> de la provincia de Buenos Aires, donde se desarrolla un proyecto social.<\/p>\n<p>&nbsp;<\/p>\n<p>El mencionado proyecto, en el que <strong>se construir\u00e1n veinte camas de una plaza,<\/strong> fue elaborado por la <strong>Direcci\u00f3n de Inclusi\u00f3n Social<\/strong> con el doble objetivo social de solucionar el problema mobiliario que padecen varias familias de la zona y de que los internos cumplan con el objetivo principal de reincorporaci\u00f3n, resocializaci\u00f3n y rehabilitaci\u00f3n, generando el h\u00e1bito laboral y la manutenci\u00f3n personal y familiar en su reinserci\u00f3n en la sociedad.<\/p>\n<p>&nbsp;<\/p>\n<p>Durante la recorrida, Galli dialog\u00f3 con las autoridades del Servicio Penitenciario y con los internos que est\u00e1n llevando a cabo la construcci\u00f3n de las camas de una plaza.<\/p>\n<p>&nbsp;<\/p>\n<p><img data-recalc-dims=\"1\" loading=\"lazy\" decoding=\"async\" class=\"alignnone size-full wp-image-70180\" src=\"https:\/\/i0.wp.com\/cdnoticias.com\/wp-content\/uploads\/2022\/11\/DH-Visita-Unidad-Penal-N%C2%B021-scaled-1.jpg?resize=800%2C535&#038;ssl=1\" alt=\"\" width=\"800\" height=\"535\" srcset=\"https:\/\/i0.wp.com\/cdnoticias.com\/wp-content\/uploads\/2022\/11\/DH-Visita-Unidad-Penal-N%C2%B021-scaled-1.jpg?w=2560&amp;ssl=1 2560w, https:\/\/i0.wp.com\/cdnoticias.com\/wp-content\/uploads\/2022\/11\/DH-Visita-Unidad-Penal-N%C2%B021-scaled-1.jpg?resize=300%2C201&amp;ssl=1 300w, https:\/\/i0.wp.com\/cdnoticias.com\/wp-content\/uploads\/2022\/11\/DH-Visita-Unidad-Penal-N%C2%B021-scaled-1.jpg?resize=1024%2C684&amp;ssl=1 1024w, https:\/\/i0.wp.com\/cdnoticias.com\/wp-content\/uploads\/2022\/11\/DH-Visita-Unidad-Penal-N%C2%B021-scaled-1.jpg?resize=768%2C513&amp;ssl=1 768w, https:\/\/i0.wp.com\/cdnoticias.com\/wp-content\/uploads\/2022\/11\/DH-Visita-Unidad-Penal-N%C2%B021-scaled-1.jpg?resize=1536%2C1027&amp;ssl=1 1536w, https:\/\/i0.wp.com\/cdnoticias.com\/wp-content\/uploads\/2022\/11\/DH-Visita-Unidad-Penal-N%C2%B021-scaled-1.jpg?resize=2048%2C1369&amp;ssl=1 2048w, https:\/\/i0.wp.com\/cdnoticias.com\/wp-content\/uploads\/2022\/11\/DH-Visita-Unidad-Penal-N%C2%B021-scaled-1.jpg?resize=272%2C182&amp;ssl=1 272w, https:\/\/i0.wp.com\/cdnoticias.com\/wp-content\/uploads\/2022\/11\/DH-Visita-Unidad-Penal-N%C2%B021-scaled-1.jpg?w=1600&amp;ssl=1 1600w, https:\/\/i0.wp.com\/cdnoticias.com\/wp-content\/uploads\/2022\/11\/DH-Visita-Unidad-Penal-N%C2%B021-scaled-1.jpg?w=2400&amp;ssl=1 2400w\" sizes=\"auto, (max-width: 800px) 100vw, 800px\" \/><\/p>\n<p>&nbsp;<\/p>\n<p><em><strong>\u00abEs reconfortante ver que con trabajos articulados podemos colaborar con la reinserci\u00f3n de los internos que est\u00e1n llevando a cabo el trabajo con la instrucci\u00f3n de un agente recientemente recibido en el ITECO\u00bb,<\/strong><\/em> dijo Galli tras la visita.<\/p>\n<p>&nbsp;<\/p>\n<p>El jefe comunal estuvo acompa\u00f1ado por el Director de la Unidad 2 Carlos Silva, el Secretario de Desarrollo Humano y Calidad de Vida Diego Robbiani, la Directora de Inclusi\u00f3n Social Marina Kolman y el Delegado de la localidad de Sierra Chica Emanuel Capurro.<\/p>\n","protected":false},"excerpt":{"rendered":"<p>Durante la recorrida, el Intendente dialog\u00f3 con las autoridades del Servicio Penitenciario y con los internos que est\u00e1n llevando a<\/p>\n","protected":false},"author":6,"featured_media":70181,"comment_status":"closed","ping_status":"closed","sticky":false,"template":"","format":"standard","meta":{"_jetpack_memberships_contains_paid_content":false,"footnotes":""},"categories":[5,1],"tags":[],"class_list":["post-70179","post","type-post","status-publish","format-standard","has-post-thumbnail","hentry","category-informacion-general","category-portada"],"jetpack_featured_media_url":"https:\/\/i0.wp.com\/cdnoticias.com\/wp-content\/uploads\/2022\/11\/DH-Visita-Unidad-Penal-N%C2%B023-scaled-1.jpg?fit=2560%2C1711&ssl=1","jetpack_sharing_enabled":true,"_links":{"self":[{"href":"https:\/\/cdnoticias.com\/index.php\/wp-json\/wp\/v2\/posts\/70179","targetHints":{"allow":["GET"]}}],"collection":[{"href":"https:\/\/cdnoticias.com\/index.php\/wp-json\/wp\/v2\/posts"}],"about":[{"href":"https:\/\/cdnoticias.com\/index.php\/wp-json\/wp\/v2\/types\/post"}],"author":[{"embeddable":true,"href":"https:\/\/cdnoticias.com\/index.php\/wp-json\/wp\/v2\/users\/6"}],"replies":[{"embeddable":true,"href":"https:\/\/cdnoticias.com\/index.php\/wp-json\/wp\/v2\/comments?post=70179"}],"version-history":[{"count":0,"href":"https:\/\/cdnoticias.com\/index.php\/wp-json\/wp\/v2\/posts\/70179\/revisions"}],"wp:featuredmedia":[{"embeddable":true,"href":"https:\/\/cdnoticias.com\/index.php\/wp-json\/wp\/v2\/media\/70181"}],"wp:attachment":[{"href":"https:\/\/cdnoticias.com\/index.php\/wp-json\/wp\/v2\/media?parent=70179"}],"wp:term":[{"taxonomy":"category","embeddable":true,"href":"https:\/\/cdnoticias.com\/index.php\/wp-json\/wp\/v2\/categories?post=70179"},{"taxonomy":"post_tag","embeddable":true,"href":"https:\/\/cdnoticias.com\/index.php\/wp-json\/wp\/v2\/tags?post=70179"}],"curies":[{"name":"wp","href":"https:\/\/api.w.org\/{rel}","templated":true}]}}