{"id":701,"date":"2020-09-03T19:28:31","date_gmt":"2020-09-03T22:28:31","guid":{"rendered":"http:\/\/www.centraldenoticias.com.ar\/?p=701"},"modified":"2020-09-03T19:28:31","modified_gmt":"2020-09-03T22:28:31","slug":"plantean-como-irracional-realizar-mas-aperturas-de-actividades","status":"publish","type":"post","link":"https:\/\/cdnoticias.com\/index.php\/2020\/09\/03\/plantean-como-irracional-realizar-mas-aperturas-de-actividades\/","title":{"rendered":"Plantean como \u201cirracional\u201d realizar m\u00e1s aperturas de actividades"},"content":{"rendered":"<p>El viceministro de Salud de la Provincia, Nicol\u00e1s Kreplak, tuvo duros conceptos en torno a mayores aperturas por la pandemia del COVID-19 dada la exponencial suba de casos en el territorio bonaerense. Llam\u00f3 a \u201chacer un esfuerzo\u201d y recalc\u00f3 el cansancio de los trabajadores de los hospitales.<!--more--><\/p>\n<p>________________________________<\/p>\n<p>Tras la <a href=\"https:\/\/cdnoticias.com\/index.php\/2020\/09\/03\/provincia-rechazo-el-pedido-para-reabrir-gimnasios\/\">pol\u00e9mica por los gimnasios<\/a>, los <a href=\"https:\/\/cdnoticias.com\/index.php\/2020\/09\/03\/carlos-bianco-sobre-olavarria-tenemos-que-seguir-priorizando-la-salud\/\">dichos de Carlos Bianco<\/a> y el exponencial crecimiento de casos de COVID-19 en la Provincia, <strong>el viceministro de Salud bonaerense, Nicol\u00e1s Kreplak, dijo que es \u201cirracional\u201d hacer m\u00e1s aperturas de actividades<\/strong> y pidi\u00f3 realizar un <em>\u201cesfuerzo para bajar la cantidad de casos\u201d<\/em> dado el cansancio que padecen los trabajadores de los Hospitales.<\/p>\n<p>&nbsp;<\/p>\n<p><em>\u201cResulta irracional hacer m\u00e1s aperturas\u201d<\/em>, plante\u00f3 el viceministro y apunt\u00f3 que <em>\u201csi la situaci\u00f3n de casos no est\u00e1 mejorando, no podemos hacer cosas como si estuviera mejorando\u201d.<\/em><\/p>\n<p>&nbsp;<\/p>\n<blockquote><p>Incluso sugiri\u00f3 que, frente a la situaci\u00f3n actual, \u201cpodr\u00eda ser pertinente cerrar m\u00e1s\u201d. Un dato alarmante que arroj\u00f3 fue que si bien \u201chay camas\u201d en la Provincia se est\u00e1 \u201cal 150% de la capacidad de trabajo habitual\u201d.<\/p><\/blockquote>\n<p>&nbsp;<\/p>\n<p><em>\u201cEn la provincia tenemos suficientes trabajadores de salud pero con un fuerte desgaste\u201d<\/em>, se\u00f1al\u00f3 Kreplak, quien pidi\u00f3 a la poblaci\u00f3n <em>\u201chacer un esfuerzo para bajar la cantidad de casos\u201d<\/em> de coronavirus.<\/p>\n<p>&nbsp;<\/p>\n<p><strong><em>\u201cLos trabajadores de la salud est\u00e1n cansados y adem\u00e1s sienten que est\u00e1n solos porque la pol\u00edtica y los medios dicen que esto ya pas\u00f3\u201d<\/em><\/strong>, analiz\u00f3 Kreplak, y subray\u00f3 el <em>\u201ctremendo esfuerzo\u201d<\/em> que desarrollan los m\u00e9dicos y enfermeros <em>\u201cque ya no pueden m\u00e1s, que se enferman y se estresan\u201d.<\/em><\/p>\n","protected":false},"excerpt":{"rendered":"<p>El viceministro de Salud de la Provincia, Nicol\u00e1s Kreplak, tuvo duros conceptos en torno a mayores aperturas por la pandemia<\/p>\n","protected":false},"author":2,"featured_media":706,"comment_status":"closed","ping_status":"closed","sticky":false,"template":"","format":"standard","meta":{"_jetpack_memberships_contains_paid_content":false,"footnotes":""},"categories":[6],"tags":[],"class_list":["post-701","post","type-post","status-publish","format-standard","has-post-thumbnail","hentry","category-nacionales"],"jetpack_featured_media_url":"https:\/\/i0.wp.com\/cdnoticias.com\/wp-content\/uploads\/2020\/09\/Nicolas-Kreplak.jpg?fit=696%2C392&ssl=1","jetpack_sharing_enabled":true,"_links":{"self":[{"href":"https:\/\/cdnoticias.com\/index.php\/wp-json\/wp\/v2\/posts\/701","targetHints":{"allow":["GET"]}}],"collection":[{"href":"https:\/\/cdnoticias.com\/index.php\/wp-json\/wp\/v2\/posts"}],"about":[{"href":"https:\/\/cdnoticias.com\/index.php\/wp-json\/wp\/v2\/types\/post"}],"author":[{"embeddable":true,"href":"https:\/\/cdnoticias.com\/index.php\/wp-json\/wp\/v2\/users\/2"}],"replies":[{"embeddable":true,"href":"https:\/\/cdnoticias.com\/index.php\/wp-json\/wp\/v2\/comments?post=701"}],"version-history":[{"count":0,"href":"https:\/\/cdnoticias.com\/index.php\/wp-json\/wp\/v2\/posts\/701\/revisions"}],"wp:featuredmedia":[{"embeddable":true,"href":"https:\/\/cdnoticias.com\/index.php\/wp-json\/wp\/v2\/media\/706"}],"wp:attachment":[{"href":"https:\/\/cdnoticias.com\/index.php\/wp-json\/wp\/v2\/media?parent=701"}],"wp:term":[{"taxonomy":"category","embeddable":true,"href":"https:\/\/cdnoticias.com\/index.php\/wp-json\/wp\/v2\/categories?post=701"},{"taxonomy":"post_tag","embeddable":true,"href":"https:\/\/cdnoticias.com\/index.php\/wp-json\/wp\/v2\/tags?post=701"}],"curies":[{"name":"wp","href":"https:\/\/api.w.org\/{rel}","templated":true}]}}