{"id":70077,"date":"2022-11-15T19:40:29","date_gmt":"2022-11-15T22:40:29","guid":{"rendered":"https:\/\/www.centraldenoticias.com.ar\/?p=70077"},"modified":"2022-11-15T20:14:39","modified_gmt":"2022-11-15T23:14:39","slug":"corte-de-luz-en-dos-sectores-de-la-ciudad-2","status":"publish","type":"post","link":"https:\/\/cdnoticias.com\/index.php\/2022\/11\/15\/corte-de-luz-en-dos-sectores-de-la-ciudad-2\/","title":{"rendered":"Corte de luz en dos sectores de la ciudad"},"content":{"rendered":"<p>Ser\u00e1 este mi\u00e9rcoles de 07:00 a 10:00. Se indic\u00f3 que es por tareas de mantenimiento. <!--more--><\/p>\n<hr \/>\n<p>Desde Coopelectric se inform\u00f3 que durante la <strong>ma\u00f1ana de ese mi\u00e9rcoles<\/strong>\u00a0se llevar\u00e1 a cabo un\u00a0<strong>corte de luz por tareas de mantenimiento.<\/strong><\/p>\n<p>&nbsp;<\/p>\n<p>Ser\u00e1 entre las<strong> 7:00 y las 10:00<\/strong>\u00a0en\u00a0<strong>dos sectores de la ciudad:<\/strong><\/p>\n<ul>\n<li><strong>Sector 1<\/strong>: Merlo- avenida Pringles- RN 226- Celestino Mu\u00f1oz.<\/li>\n<li><strong>Sector 2:<\/strong> Celestino Mu\u00f1oz- Calle 98- avenida Pellegrini- Rep\u00fablica del L\u00edbano<\/li>\n<\/ul>\n<p>&nbsp;<\/p>\n<p>Se indic\u00f3 que puede suspenderse sin las condiciones clim\u00e1ticas son adversas. En tal caso, las tareas ser\u00e1n reprogramadas.<\/p>\n<p>&nbsp;<\/p>\n","protected":false},"excerpt":{"rendered":"<p>Ser\u00e1 este mi\u00e9rcoles de 07:00 a 10:00. Se indic\u00f3 que es por tareas de mantenimiento.<\/p>\n","protected":false},"author":6,"featured_media":41403,"comment_status":"closed","ping_status":"closed","sticky":false,"template":"","format":"standard","meta":{"_jetpack_memberships_contains_paid_content":false,"footnotes":""},"categories":[5,1],"tags":[],"class_list":["post-70077","post","type-post","status-publish","format-standard","has-post-thumbnail","hentry","category-informacion-general","category-portada"],"jetpack_featured_media_url":"https:\/\/i0.wp.com\/cdnoticias.com\/wp-content\/uploads\/2021\/12\/coopelectric-camion.jpg?fit=1600%2C890&ssl=1","jetpack_sharing_enabled":true,"_links":{"self":[{"href":"https:\/\/cdnoticias.com\/index.php\/wp-json\/wp\/v2\/posts\/70077","targetHints":{"allow":["GET"]}}],"collection":[{"href":"https:\/\/cdnoticias.com\/index.php\/wp-json\/wp\/v2\/posts"}],"about":[{"href":"https:\/\/cdnoticias.com\/index.php\/wp-json\/wp\/v2\/types\/post"}],"author":[{"embeddable":true,"href":"https:\/\/cdnoticias.com\/index.php\/wp-json\/wp\/v2\/users\/6"}],"replies":[{"embeddable":true,"href":"https:\/\/cdnoticias.com\/index.php\/wp-json\/wp\/v2\/comments?post=70077"}],"version-history":[{"count":0,"href":"https:\/\/cdnoticias.com\/index.php\/wp-json\/wp\/v2\/posts\/70077\/revisions"}],"wp:featuredmedia":[{"embeddable":true,"href":"https:\/\/cdnoticias.com\/index.php\/wp-json\/wp\/v2\/media\/41403"}],"wp:attachment":[{"href":"https:\/\/cdnoticias.com\/index.php\/wp-json\/wp\/v2\/media?parent=70077"}],"wp:term":[{"taxonomy":"category","embeddable":true,"href":"https:\/\/cdnoticias.com\/index.php\/wp-json\/wp\/v2\/categories?post=70077"},{"taxonomy":"post_tag","embeddable":true,"href":"https:\/\/cdnoticias.com\/index.php\/wp-json\/wp\/v2\/tags?post=70077"}],"curies":[{"name":"wp","href":"https:\/\/api.w.org\/{rel}","templated":true}]}}