{"id":70075,"date":"2022-11-15T17:38:10","date_gmt":"2022-11-15T20:38:10","guid":{"rendered":"https:\/\/www.centraldenoticias.com.ar\/?p=70075"},"modified":"2022-11-15T19:41:10","modified_gmt":"2022-11-15T22:41:10","slug":"la-inflacion-de-octubre-tuvo-una-leve-suba-y-los-precios-se-incrementaron-un-63","status":"publish","type":"post","link":"https:\/\/cdnoticias.com\/index.php\/2022\/11\/15\/la-inflacion-de-octubre-tuvo-una-leve-suba-y-los-precios-se-incrementaron-un-63\/","title":{"rendered":"La inflaci\u00f3n de octubre tuvo una leve suba y los precios se incrementaron un 6,3%"},"content":{"rendered":"<p>El IPC tuvo una d\u00e9cima de suba con respecto a septiembre y acumula en los \u00faltimos 12 meses un aumento del 88%, seg\u00fan inform\u00f3 el Indec. <!--more--><\/p>\n<hr \/>\n<p>El nivel general del <strong>\u00cdndice de Precios al Consumidor (IPC) aument\u00f3 levemente en octubre y cort\u00f3 dos meses de desaceleraci\u00f3n de la suba de precios.<\/strong> De este modo, <strong>la inflaci\u00f3n acumul\u00f3 un alza de 76,6% en los diez meses del a\u00f1o, seg\u00fan el Instituto Nacional de Estad\u00edsticas y Censos (INDEC).<\/strong><\/p>\n<p>&nbsp;<\/p>\n<blockquote><p>En septiembre, el IPC hab\u00eda sido del 6,2%, y en los \u00faltimos 12 meses acumul\u00f3 un incremento del 88%.<\/p><\/blockquote>\n<p>&nbsp;<\/p>\n<p>La suba de <strong>Alimentos y bebidas no alcoh\u00f3licas (6,2%) fue lo que m\u00e1s incidi\u00f3 en todas las regiones<\/strong>, destac\u00e1ndose el aumento de Verduras, tub\u00e9rculos y legumbres; y Frutas.<\/p>\n<p>&nbsp;<\/p>\n<p>El INDEC afirm\u00f3 adem\u00e1s que, a nivel de las categor\u00edas, <strong>lider\u00f3 el alza mensual Estacionales (9%) \u2013explicada en parte por las mencionadas subas de Verduras, tub\u00e9rculos y legumbres, y Frutas\u2013, seguida por Regulados (7,4%) y, por \u00faltimo, IPC N\u00facleo (5,5%).<\/strong><\/p>\n<p>&nbsp;<\/p>\n<p>El rubro Comunicaci\u00f3n, con un incremento del 12,1%, fue el que m\u00e1s subi\u00f3 en el mes, explicado principalmente por <strong>aumentos en los servicios de telefon\u00eda e internet.<\/strong><\/p>\n<p>&nbsp;<\/p>\n<p>En segundo lugar, se ubic\u00f3 el \u00edtem <strong>Vivienda, agua, electricidad, gas y otros combustibles, con el 7,5%<\/strong>, explicado fundamentalmente en luz y gas con la puesta en marcha de la segmentaci\u00f3n tarifaria.<\/p>\n<p>&nbsp;<\/p>\n<p>El rubro<strong> Alimentos y bebidas no alcoh\u00f3licas, que marc\u00f3 en el mes una suba de 6,2%, fue el que tuvo mayor incidencia en todas las regiones del pa\u00eds<\/strong>, destac\u00e1ndose el alza de precios en verduras, tub\u00e9rculos, legumbres y frutas.<\/p>\n<p>&nbsp;<\/p>\n<p>Durante octubre, tambi\u00e9n sobresalieron los aumentos salariales de trabajadores de casas particulares, con impacto en el \u00edtem Equipamiento y mantenimiento del hogar, que marc\u00f3 un avance de 4,9%.<\/p>\n<p>&nbsp;<\/p>\n<p>Por su parte,<strong> el incremento en la cuota de la medicina prepaga incidi\u00f3 en la divisi\u00f3n Salud, que subi\u00f3 7,1%<\/strong>; a lo que tambi\u00e9n se sumaron peajes y combustibles, m\u00e1s el arrastre que dej\u00f3 el alza de las tarifas del transporte p\u00fablico en septiembre, que impactaron sobre la divisi\u00f3n Transporte.<\/p>\n","protected":false},"excerpt":{"rendered":"<p>El IPC tuvo una d\u00e9cima de suba con respecto a septiembre y acumula en los \u00faltimos 12 meses un aumento<\/p>\n","protected":false},"author":2,"featured_media":36823,"comment_status":"closed","ping_status":"closed","sticky":false,"template":"","format":"standard","meta":{"_jetpack_memberships_contains_paid_content":false,"footnotes":""},"categories":[6,1],"tags":[],"class_list":["post-70075","post","type-post","status-publish","format-standard","has-post-thumbnail","hentry","category-nacionales","category-portada"],"jetpack_featured_media_url":"https:\/\/i0.wp.com\/cdnoticias.com\/wp-content\/uploads\/2021\/10\/control-de-precios-supermercado-00.jpg?fit=800%2C445&ssl=1","jetpack_sharing_enabled":true,"_links":{"self":[{"href":"https:\/\/cdnoticias.com\/index.php\/wp-json\/wp\/v2\/posts\/70075","targetHints":{"allow":["GET"]}}],"collection":[{"href":"https:\/\/cdnoticias.com\/index.php\/wp-json\/wp\/v2\/posts"}],"about":[{"href":"https:\/\/cdnoticias.com\/index.php\/wp-json\/wp\/v2\/types\/post"}],"author":[{"embeddable":true,"href":"https:\/\/cdnoticias.com\/index.php\/wp-json\/wp\/v2\/users\/2"}],"replies":[{"embeddable":true,"href":"https:\/\/cdnoticias.com\/index.php\/wp-json\/wp\/v2\/comments?post=70075"}],"version-history":[{"count":0,"href":"https:\/\/cdnoticias.com\/index.php\/wp-json\/wp\/v2\/posts\/70075\/revisions"}],"wp:featuredmedia":[{"embeddable":true,"href":"https:\/\/cdnoticias.com\/index.php\/wp-json\/wp\/v2\/media\/36823"}],"wp:attachment":[{"href":"https:\/\/cdnoticias.com\/index.php\/wp-json\/wp\/v2\/media?parent=70075"}],"wp:term":[{"taxonomy":"category","embeddable":true,"href":"https:\/\/cdnoticias.com\/index.php\/wp-json\/wp\/v2\/categories?post=70075"},{"taxonomy":"post_tag","embeddable":true,"href":"https:\/\/cdnoticias.com\/index.php\/wp-json\/wp\/v2\/tags?post=70075"}],"curies":[{"name":"wp","href":"https:\/\/api.w.org\/{rel}","templated":true}]}}