{"id":70071,"date":"2022-11-15T16:36:47","date_gmt":"2022-11-15T19:36:47","guid":{"rendered":"https:\/\/www.centraldenoticias.com.ar\/?p=70071"},"modified":"2022-11-15T16:36:47","modified_gmt":"2022-11-15T19:36:47","slug":"horacio-antonio-bucciarelli-q-e-p-d","status":"publish","type":"post","link":"https:\/\/cdnoticias.com\/index.php\/2022\/11\/15\/horacio-antonio-bucciarelli-q-e-p-d\/","title":{"rendered":"Horacio Antonio Bucciarelli (Q.E.P.D.)"},"content":{"rendered":"<p>Falleci\u00f3 en Olavarr\u00eda el 15 de noviembre de 2022 a los 81 a\u00f1os. Su compa\u00f1era Nidia Molinari; sus hijos Luis, Julio, Mary y Javier; sus hijos pol\u00edticos Mirta, Anah\u00ed, Carlos y Y\u00e9sica; sus nietos Mart\u00edn, Alejandra, Luc\u00eda, Nair, Patricio, Brisa, Delia y Sol; su hermano Luis; su hermana pol\u00edtica Liliana; sus sobrinos Fabio, Julia, Celia y dem\u00e1s deudos participan su fallecimiento.<\/p>\n<p>&nbsp;<\/p>\n<p>Sus restos ser\u00e1n velados en la Sala de Espa\u00f1a 2942, departamento \u201cF\u201d este martes desde las 16:00 horas e inhumados este mi\u00e9rcoles a las 12:30 en el Crematorio Pinos de Paz, previo responso en la Capilla Ardiente. Servicio adherido a Coopelectric.<\/p>\n<p>&nbsp;<\/p>\n<p>Ex vecino de Hinojo y Sierras Bayas, vecino de barrio Luj\u00e1n, productor agropecuario jubilado.<\/p>\n","protected":false},"excerpt":{"rendered":"<p>Falleci\u00f3 en Olavarr\u00eda el 15 de noviembre de 2022 a los 81 a\u00f1os. Su compa\u00f1era Nidia Molinari; sus hijos Luis,<\/p>\n","protected":false},"author":2,"featured_media":67646,"comment_status":"closed","ping_status":"closed","sticky":false,"template":"","format":"standard","meta":{"_jetpack_memberships_contains_paid_content":false,"footnotes":""},"categories":[10],"tags":[],"class_list":["post-70071","post","type-post","status-publish","format-standard","has-post-thumbnail","hentry","category-necrologicas"],"jetpack_featured_media_url":"https:\/\/i0.wp.com\/cdnoticias.com\/wp-content\/uploads\/2022\/10\/necrologicas-390-x-240.jpg?fit=390%2C240&ssl=1","jetpack_sharing_enabled":true,"_links":{"self":[{"href":"https:\/\/cdnoticias.com\/index.php\/wp-json\/wp\/v2\/posts\/70071","targetHints":{"allow":["GET"]}}],"collection":[{"href":"https:\/\/cdnoticias.com\/index.php\/wp-json\/wp\/v2\/posts"}],"about":[{"href":"https:\/\/cdnoticias.com\/index.php\/wp-json\/wp\/v2\/types\/post"}],"author":[{"embeddable":true,"href":"https:\/\/cdnoticias.com\/index.php\/wp-json\/wp\/v2\/users\/2"}],"replies":[{"embeddable":true,"href":"https:\/\/cdnoticias.com\/index.php\/wp-json\/wp\/v2\/comments?post=70071"}],"version-history":[{"count":0,"href":"https:\/\/cdnoticias.com\/index.php\/wp-json\/wp\/v2\/posts\/70071\/revisions"}],"wp:featuredmedia":[{"embeddable":true,"href":"https:\/\/cdnoticias.com\/index.php\/wp-json\/wp\/v2\/media\/67646"}],"wp:attachment":[{"href":"https:\/\/cdnoticias.com\/index.php\/wp-json\/wp\/v2\/media?parent=70071"}],"wp:term":[{"taxonomy":"category","embeddable":true,"href":"https:\/\/cdnoticias.com\/index.php\/wp-json\/wp\/v2\/categories?post=70071"},{"taxonomy":"post_tag","embeddable":true,"href":"https:\/\/cdnoticias.com\/index.php\/wp-json\/wp\/v2\/tags?post=70071"}],"curies":[{"name":"wp","href":"https:\/\/api.w.org\/{rel}","templated":true}]}}