{"id":70008,"date":"2022-11-15T18:31:59","date_gmt":"2022-11-15T21:31:59","guid":{"rendered":"https:\/\/www.centraldenoticias.com.ar\/?p=70008"},"modified":"2022-11-15T18:31:59","modified_gmt":"2022-11-15T21:31:59","slug":"exitosa-campana-de-basura-electronica","status":"publish","type":"post","link":"https:\/\/cdnoticias.com\/index.php\/2022\/11\/15\/exitosa-campana-de-basura-electronica\/","title":{"rendered":"Exitosa campa\u00f1a de basura electr\u00f3nica"},"content":{"rendered":"<p>La subsecretaria de Empresas e Inversiones, Emilia D\u00edaz; resalt\u00f3 que \u201clos resultados de la jornada reflejan que la campa\u00f1a ya est\u00e1 instalada en la comunidad\u201d.<!--more--><\/p>\n<hr \/>\n<p>Con una <strong>respuesta exitosa por parte de la comunidad olavarriense<\/strong>, se llev\u00f3 a cabo una <strong>nueva campa\u00f1a de recolecci\u00f3n de de RAEEs<\/strong> (Residuos de Aparatos El\u00e9ctricos y Electr\u00f3nicos) com\u00fanmente denominados <strong>basura electr\u00f3nica.<\/strong><\/p>\n<p>&nbsp;<\/p>\n<p>La actividad (<strong>que constituy\u00f3 la tercera campa\u00f1a de este a\u00f1o<\/strong>) tuvo lugar el pasado mi\u00e9rcoles en el Ecopunto del Parque Avellaneda. En esta oportunidad <strong>se recolect\u00f3 alrededor de tres toneladas de basura electr\u00f3nica; lo que se traduce en casi tres camiones.<\/strong><\/p>\n<p>&nbsp;<\/p>\n<p>En detalle, los <strong>elementos recibidos<\/strong> fueron los siguientes:<\/p>\n<p>&nbsp;<\/p>\n<p>\u2013 58 impresoras<\/p>\n<p>\u2013 94 monitores<\/p>\n<p>\u2013 57 televisores<\/p>\n<p>\u2013 64 CPU<\/p>\n<p>\u2013 18 teclados<\/p>\n<p>\u2013 04 fax<\/p>\n<p>\u2013 15 VHS<\/p>\n<p>\u2013 41 art\u00edculos varios<\/p>\n<p><strong>Total: 2850 kgs.<\/strong><\/p>\n<p>&nbsp;<\/p>\n<p>La subsecretaria de Empresas e Inversiones, <strong>Emilia D\u00edaz;<\/strong> resalt\u00f3 que <em><strong>\u201clos resultados de la jornada reflejan que la campa\u00f1a ya est\u00e1 instalada en la comunidad\u201d.<\/strong><\/em><\/p>\n<p>&nbsp;<\/p>\n<p>Para m\u00e1s informaci\u00f3n comunicarse con la Direcci\u00f3n de Desarrollo Sustentable al 412600. Facebook e Instagram: Desarrollo Sustentable Olavarr\u00eda.<\/p>\n","protected":false},"excerpt":{"rendered":"<p>La subsecretaria de Empresas e Inversiones, Emilia D\u00edaz; resalt\u00f3 que \u201clos resultados de la jornada reflejan que la campa\u00f1a ya<\/p>\n","protected":false},"author":6,"featured_media":70009,"comment_status":"closed","ping_status":"closed","sticky":false,"template":"","format":"standard","meta":{"_jetpack_memberships_contains_paid_content":false,"footnotes":""},"categories":[5,1],"tags":[],"class_list":["post-70008","post","type-post","status-publish","format-standard","has-post-thumbnail","hentry","category-informacion-general","category-portada"],"jetpack_featured_media_url":"https:\/\/i0.wp.com\/cdnoticias.com\/wp-content\/uploads\/2022\/11\/DE-Campana-Basura-Electronica-1024x682-1.jpg?fit=1024%2C682&ssl=1","jetpack_sharing_enabled":true,"_links":{"self":[{"href":"https:\/\/cdnoticias.com\/index.php\/wp-json\/wp\/v2\/posts\/70008","targetHints":{"allow":["GET"]}}],"collection":[{"href":"https:\/\/cdnoticias.com\/index.php\/wp-json\/wp\/v2\/posts"}],"about":[{"href":"https:\/\/cdnoticias.com\/index.php\/wp-json\/wp\/v2\/types\/post"}],"author":[{"embeddable":true,"href":"https:\/\/cdnoticias.com\/index.php\/wp-json\/wp\/v2\/users\/6"}],"replies":[{"embeddable":true,"href":"https:\/\/cdnoticias.com\/index.php\/wp-json\/wp\/v2\/comments?post=70008"}],"version-history":[{"count":0,"href":"https:\/\/cdnoticias.com\/index.php\/wp-json\/wp\/v2\/posts\/70008\/revisions"}],"wp:featuredmedia":[{"embeddable":true,"href":"https:\/\/cdnoticias.com\/index.php\/wp-json\/wp\/v2\/media\/70009"}],"wp:attachment":[{"href":"https:\/\/cdnoticias.com\/index.php\/wp-json\/wp\/v2\/media?parent=70008"}],"wp:term":[{"taxonomy":"category","embeddable":true,"href":"https:\/\/cdnoticias.com\/index.php\/wp-json\/wp\/v2\/categories?post=70008"},{"taxonomy":"post_tag","embeddable":true,"href":"https:\/\/cdnoticias.com\/index.php\/wp-json\/wp\/v2\/tags?post=70008"}],"curies":[{"name":"wp","href":"https:\/\/api.w.org\/{rel}","templated":true}]}}