{"id":699,"date":"2020-09-03T20:40:04","date_gmt":"2020-09-03T23:40:04","guid":{"rendered":"http:\/\/www.centraldenoticias.com.ar\/?p=699"},"modified":"2020-09-04T08:07:05","modified_gmt":"2020-09-04T11:07:05","slug":"el-covid19-avanza-en-la-region-mapas-interactivos-para-conocer-el-estado-de-situacion","status":"publish","type":"post","link":"https:\/\/cdnoticias.com\/index.php\/2020\/09\/03\/el-covid19-avanza-en-la-region-mapas-interactivos-para-conocer-el-estado-de-situacion\/","title":{"rendered":"El Covid19 avanza en la regi\u00f3n: Mapas interactivos para conocer el estado de situaci\u00f3n"},"content":{"rendered":"<p>Como lo hacemos noche a noche, te ofrecemos el estado de la situaci\u00f3n de la zona en la lucha contra el avance del Covid19.<\/p>\n<hr \/>\n<p>&nbsp;<\/p>\n<p>Este jueves Olavarr\u00eda volvi\u00f3 a confirmar nuevos contagios de coronavirus, en una jornada que se vio marcada, entre otras cosas, por <a href=\"https:\/\/cdnoticias.com\/index.php\/2020\/09\/03\/un-hombre-de-56-anos-murio-por-covid-19-en-olavarria\/\">el fallecimiento de un paciente de 56 a\u00f1os<\/a>.<\/p>\n<p>&nbsp;<\/p>\n<p>Sin embargo, la situaci\u00f3n no escapa a lo que est\u00e1 sucediendo en distintos puntos de la provincia de Buenos Aires. Ciudades vecinas tales como Azul, Laprida o General Alvear siguen sumando nuevos contagios, por eso, tal cual lo hacemos noche a noche, te ofrecemos dos mapas interactivos sobre distritos ligados directamente con Olavarr\u00eda.<\/p>\n<p>&nbsp;<\/p>\n<div class=\"siteorigin-widget-tinymce textwidget\">\n<p><em><strong>Regi\u00f3n Sanitaria<\/strong><\/em><\/p>\n<p>Olavarr\u00eda integra la regi\u00f3n Sanitaria IX, cuya cabecera -tal cual sucede en muchas otras esferas y entidades- se encuentra en la ciudad de Azul. Se trata de un vasto territorio del interior\u00a0bonaerense integrado en total por una decena de municipios, siendo el partido local, por mucho, el distrito m\u00e1s extenso y poblado.<\/p>\n<\/div>\n<p>&nbsp;<\/p>\n<p><iframe style=\"width: 100%; height: 600px;\" src=\"https:\/\/flo.uri.sh\/visualisation\/3367372\/embed\" frameborder=\"0\" scrolling=\"no\" aria-label=\"\"><\/iframe><\/p>\n<div style=\"width: 100%!; margin-top: 4px!important; text-align: right!important;\"><a class=\"flourish-credit\" style=\"text-decoration: none!important;\" href=\"https:\/\/public.flourish.studio\/visualisation\/3367372\/?utm_source=embed&amp;utm_campaign=visualisation\/3367372\" target=\"_top\"><img decoding=\"async\" style=\"width: 105px!important; height: 16px!important; border: none!important; margin: 0!important;\" src=\"https:\/\/public.flourish.studio\/resources\/made_with_flourish.svg\" alt=\"Made with Flourish\" \/> <\/a><\/div>\n<p>&nbsp;<\/p>\n<p>El seguimiento de la regi\u00f3n sanitaria es relevante por varios aspectos, el m\u00e1s significativo es que la vinculaci\u00f3n entre distritos tambi\u00e9n est\u00e1 dada en la posibilidad de que pacientes diagnosticados con Covid podr\u00edan ser derivados al Hospital de nuestra ciudad para continuar con el tratamiento, algo que ya ha sucedido con personas de Laprida y que se traduce en una decisi\u00f3n pol\u00edtica tanto del intendente municipal como del responsable de la regi\u00f3n IX, el doctor Ramiro Borzi.<\/p>\n<div class=\"siteorigin-widget-tinymce textwidget\">\n<p>&nbsp;<\/p>\n<\/div>\n<p>La situaci\u00f3n cobra a\u00fan m\u00e1s relevancia en las \u00faltimas horas ya que se siguen sumando casos en ciudades tales como Azul o General Alvear, que en un breve lapso registr\u00f3 numerosos contagios que hicieron que la ciudad deba bajar de fase en cuanto a las actividades habilitadas.<\/p>\n<div class=\"siteorigin-widget-tinymce textwidget\">\n<p>&nbsp;<\/p>\n<p><em><strong>Regi\u00f3n electoral<\/strong><\/em><\/p>\n<p>&nbsp;<\/p>\n<p>Siguiendo con las distintas sectorizaciones que presenta el mapa bonaerense tambi\u00e9n es interesante conocer cu\u00e1l es el estado de situaci\u00f3n teniendo en cuenta las regiones electorales.<\/p>\n<\/div>\n<p>&nbsp;<\/p>\n<p><iframe style=\"width: 100%; height: 600px;\" src=\"https:\/\/flo.uri.sh\/visualisation\/3331518\/embed\" frameborder=\"0\" scrolling=\"no\" aria-label=\"\"><\/iframe><\/p>\n<div style=\"width: 100%!; margin-top: 4px!important; text-align: right!important;\"><a class=\"flourish-credit\" style=\"text-decoration: none!important;\" href=\"https:\/\/public.flourish.studio\/visualisation\/3331518\/?utm_source=embed&amp;utm_campaign=visualisation\/3331518\" target=\"_top\"><img decoding=\"async\" style=\"width: 105px!important; height: 16px!important; border: none!important; margin: 0!important;\" src=\"https:\/\/public.flourish.studio\/resources\/made_with_flourish.svg\" alt=\"Made with Flourish\" \/> <\/a><\/div>\n<p>&nbsp;<\/p>\n<div class=\"siteorigin-widget-tinymce textwidget\">\n<p>Olavarr\u00eda integra la S\u00e9ptima Secci\u00f3n Electoral, que incluye algunos de los partidos mencionados previamente, pero tambi\u00e9n\u00a0distritos quiz\u00e1s algo m\u00e1s lejanos, como es el caso de Saladillo, 25 de Mayo, 9 de Julio o Roque P\u00e9rez. <strong>Para agrado o enfado de unos y otros, la pandemia ha sido tambi\u00e9n materia de la discusi\u00f3n pol\u00edtica y por eso no es menor seguir de cerca qu\u00e9 va sucediendo en cada distrito.<\/strong><\/p>\n<\/div>\n","protected":false},"excerpt":{"rendered":"<p>Como lo hacemos noche a noche, te ofrecemos el estado de la situaci\u00f3n de la zona en la lucha contra<\/p>\n","protected":false},"author":3,"featured_media":702,"comment_status":"closed","ping_status":"closed","sticky":false,"template":"","format":"standard","meta":{"_jetpack_memberships_contains_paid_content":false,"footnotes":""},"categories":[5,1],"tags":[],"class_list":["post-699","post","type-post","status-publish","format-standard","has-post-thumbnail","hentry","category-informacion-general","category-portada"],"jetpack_featured_media_url":"https:\/\/i0.wp.com\/cdnoticias.com\/wp-content\/uploads\/2020\/09\/hospital1.jpg?fit=820%2C509&ssl=1","jetpack_sharing_enabled":true,"_links":{"self":[{"href":"https:\/\/cdnoticias.com\/index.php\/wp-json\/wp\/v2\/posts\/699","targetHints":{"allow":["GET"]}}],"collection":[{"href":"https:\/\/cdnoticias.com\/index.php\/wp-json\/wp\/v2\/posts"}],"about":[{"href":"https:\/\/cdnoticias.com\/index.php\/wp-json\/wp\/v2\/types\/post"}],"author":[{"embeddable":true,"href":"https:\/\/cdnoticias.com\/index.php\/wp-json\/wp\/v2\/users\/3"}],"replies":[{"embeddable":true,"href":"https:\/\/cdnoticias.com\/index.php\/wp-json\/wp\/v2\/comments?post=699"}],"version-history":[{"count":0,"href":"https:\/\/cdnoticias.com\/index.php\/wp-json\/wp\/v2\/posts\/699\/revisions"}],"wp:featuredmedia":[{"embeddable":true,"href":"https:\/\/cdnoticias.com\/index.php\/wp-json\/wp\/v2\/media\/702"}],"wp:attachment":[{"href":"https:\/\/cdnoticias.com\/index.php\/wp-json\/wp\/v2\/media?parent=699"}],"wp:term":[{"taxonomy":"category","embeddable":true,"href":"https:\/\/cdnoticias.com\/index.php\/wp-json\/wp\/v2\/categories?post=699"},{"taxonomy":"post_tag","embeddable":true,"href":"https:\/\/cdnoticias.com\/index.php\/wp-json\/wp\/v2\/tags?post=699"}],"curies":[{"name":"wp","href":"https:\/\/api.w.org\/{rel}","templated":true}]}}