{"id":69878,"date":"2022-11-13T20:22:37","date_gmt":"2022-11-13T23:22:37","guid":{"rendered":"https:\/\/www.centraldenoticias.com.ar\/?p=69878"},"modified":"2022-11-14T08:42:48","modified_gmt":"2022-11-14T11:42:48","slug":"belen-vergel-gano-la-interna-de-la-ucr-y-sera-la-primera-presidenta-mujer-de-la-historia-del-comite","status":"publish","type":"post","link":"https:\/\/cdnoticias.com\/index.php\/2022\/11\/13\/belen-vergel-gano-la-interna-de-la-ucr-y-sera-la-primera-presidenta-mujer-de-la-historia-del-comite\/","title":{"rendered":"Bel\u00e9n Vergel gan\u00f3 la interna de la UCR y ser\u00e1 la primera presidenta mujer del Comit\u00e9"},"content":{"rendered":"<p>Se impuso con el 57,6% de los votos de 1.025 afiliados que asistieron a votar. Finalmente, hubo foto de los dos candidatos y el llamado a trabajar en conjunto.<!--more--><\/p>\n<hr \/>\n<p>En una jornada calurosa pero que tuvo un final con un temporal, <strong>la lista 118 encabezada por Bel\u00e9n Vergel retuvo la gesti\u00f3n del Comit\u00e9 de la UCR y se convertir\u00e1 en la primera mujer en la historia en encabezar los destinos del radicalismo de Olavarr\u00eda.<\/strong><\/p>\n<p>&nbsp;<\/p>\n<p><img data-recalc-dims=\"1\" loading=\"lazy\" decoding=\"async\" class=\"aligncenter size-full wp-image-69886\" src=\"https:\/\/i0.wp.com\/cdnoticias.com\/wp-content\/uploads\/2022\/11\/WhatsApp-Image-2022-11-13-at-18.55.02.jpeg?resize=800%2C599&#038;ssl=1\" alt=\"\" width=\"800\" height=\"599\" srcset=\"https:\/\/i0.wp.com\/cdnoticias.com\/wp-content\/uploads\/2022\/11\/WhatsApp-Image-2022-11-13-at-18.55.02.jpeg?w=1600&amp;ssl=1 1600w, https:\/\/i0.wp.com\/cdnoticias.com\/wp-content\/uploads\/2022\/11\/WhatsApp-Image-2022-11-13-at-18.55.02.jpeg?resize=300%2C224&amp;ssl=1 300w, https:\/\/i0.wp.com\/cdnoticias.com\/wp-content\/uploads\/2022\/11\/WhatsApp-Image-2022-11-13-at-18.55.02.jpeg?resize=1024%2C766&amp;ssl=1 1024w, https:\/\/i0.wp.com\/cdnoticias.com\/wp-content\/uploads\/2022\/11\/WhatsApp-Image-2022-11-13-at-18.55.02.jpeg?resize=768%2C575&amp;ssl=1 768w, https:\/\/i0.wp.com\/cdnoticias.com\/wp-content\/uploads\/2022\/11\/WhatsApp-Image-2022-11-13-at-18.55.02.jpeg?resize=1536%2C1149&amp;ssl=1 1536w\" sizes=\"auto, (max-width: 800px) 100vw, 800px\" \/><\/p>\n<p>&nbsp;<\/p>\n<p><img data-recalc-dims=\"1\" loading=\"lazy\" decoding=\"async\" class=\"aligncenter size-full wp-image-69885\" src=\"https:\/\/i0.wp.com\/cdnoticias.com\/wp-content\/uploads\/2022\/11\/WhatsApp-Image-2022-11-13-at-18.59.39.jpeg?resize=800%2C599&#038;ssl=1\" alt=\"\" width=\"800\" height=\"599\" srcset=\"https:\/\/i0.wp.com\/cdnoticias.com\/wp-content\/uploads\/2022\/11\/WhatsApp-Image-2022-11-13-at-18.59.39.jpeg?w=1600&amp;ssl=1 1600w, https:\/\/i0.wp.com\/cdnoticias.com\/wp-content\/uploads\/2022\/11\/WhatsApp-Image-2022-11-13-at-18.59.39.jpeg?resize=300%2C224&amp;ssl=1 300w, https:\/\/i0.wp.com\/cdnoticias.com\/wp-content\/uploads\/2022\/11\/WhatsApp-Image-2022-11-13-at-18.59.39.jpeg?resize=1024%2C766&amp;ssl=1 1024w, https:\/\/i0.wp.com\/cdnoticias.com\/wp-content\/uploads\/2022\/11\/WhatsApp-Image-2022-11-13-at-18.59.39.jpeg?resize=768%2C575&amp;ssl=1 768w, https:\/\/i0.wp.com\/cdnoticias.com\/wp-content\/uploads\/2022\/11\/WhatsApp-Image-2022-11-13-at-18.59.39.jpeg?resize=1536%2C1149&amp;ssl=1 1536w\" sizes=\"auto, (max-width: 800px) 100vw, 800px\" \/><\/p>\n<p>&nbsp;<\/p>\n<blockquote><p>Con 1.025 afiliados que asistieron a las urnas de la ciudad y las localidades, obtuvo el 57,6% de los votos contra la Lista 123, Adelante Radicales, que tuvo un acompa\u00f1amiento del 41,4%.<\/p><\/blockquote>\n<p>&nbsp;<\/p>\n<p>Los nervios se apoderaron de los dirigentes que, pasadas las 18:00 horas (y algunos minutos antes dado que la lluvia hizo que mermara la asistencia a las urnas) esperaba con ansiedad<strong> el recuento de votos por parte de las autoridades.<\/strong><\/p>\n<p>&nbsp;<\/p>\n<p>En el Centro de C\u00f3mputos instalado en Mariano Moreno, <strong>pasadas las 18:30 ya hab\u00eda una tendencia que daba cuenta del triunfo de Vergel ante Fabi\u00e1n Irassar, un dirigente que volvi\u00f3 a los planos partidarios<\/strong> junto a otros dirigentes y militantes universitarios como Marcelo Spina, Guillermo Cicconi, entre otros.<\/p>\n<p>&nbsp;<\/p>\n<p>Tras conocer los resultados, <strong>Vergel sonr\u00edo y tuvo una moderada celebraci\u00f3n ante los fiscales y militantes que llegaban con las buenas noticias desde las escuelas.<\/strong><\/p>\n<p>&nbsp;<\/p>\n<p><img data-recalc-dims=\"1\" loading=\"lazy\" decoding=\"async\" class=\"aligncenter size-full wp-image-69880\" src=\"https:\/\/i0.wp.com\/cdnoticias.com\/wp-content\/uploads\/2022\/11\/WhatsApp-Image-2022-11-13-at-19.14.50-1.jpeg?resize=800%2C599&#038;ssl=1\" alt=\"\" width=\"800\" height=\"599\" srcset=\"https:\/\/i0.wp.com\/cdnoticias.com\/wp-content\/uploads\/2022\/11\/WhatsApp-Image-2022-11-13-at-19.14.50-1.jpeg?w=1600&amp;ssl=1 1600w, https:\/\/i0.wp.com\/cdnoticias.com\/wp-content\/uploads\/2022\/11\/WhatsApp-Image-2022-11-13-at-19.14.50-1.jpeg?resize=300%2C224&amp;ssl=1 300w, https:\/\/i0.wp.com\/cdnoticias.com\/wp-content\/uploads\/2022\/11\/WhatsApp-Image-2022-11-13-at-19.14.50-1.jpeg?resize=1024%2C766&amp;ssl=1 1024w, https:\/\/i0.wp.com\/cdnoticias.com\/wp-content\/uploads\/2022\/11\/WhatsApp-Image-2022-11-13-at-19.14.50-1.jpeg?resize=768%2C575&amp;ssl=1 768w, https:\/\/i0.wp.com\/cdnoticias.com\/wp-content\/uploads\/2022\/11\/WhatsApp-Image-2022-11-13-at-19.14.50-1.jpeg?resize=1536%2C1149&amp;ssl=1 1536w\" sizes=\"auto, (max-width: 800px) 100vw, 800px\" \/><\/p>\n<p>&nbsp;<\/p>\n<p>Luego de la llegada del concejal Sebasti\u00e1n Matrella, del actual presidente del comit\u00e9 Gonzalo Dolagaray, y de Franco Cominotto, ex concejal y referencia del radicalismo,<strong> la celebraci\u00f3n fue plena junto a la Juventud Radical y otros j\u00f3venes que participar\u00e1n de la mesa directiva.<\/strong><\/p>\n<p>&nbsp;<\/p>\n<p>Esa es una de las novedades:<strong> la mesa directiva estar\u00e1 compuesta, adem\u00e1s de las autoridades, por un integrante de la Juventud Radical<\/strong>, un hecho in\u00e9dito para el comit\u00e9, sumado al dato de que Vergel ser\u00e1 la primera presidenta mujer de la UCR Olavarr\u00eda.<\/p>\n<p>&nbsp;<\/p>\n<p>Tras la celebraci\u00f3n, <strong>Irassar se hizo presente y salud\u00f3 a la ganadora de la elecci\u00f3n. El gesto fue valorado y hubo un compromiso de reunirse en los pr\u00f3ximos d\u00edas para respetar el lema <em>\u201cel que gana lidera, el que pierde acompa\u00f1a\u201d<\/em> y unificar el radicalismo.<\/strong><\/p>\n<p>&nbsp;<\/p>\n<p><img data-recalc-dims=\"1\" loading=\"lazy\" decoding=\"async\" class=\"aligncenter size-full wp-image-69882\" src=\"https:\/\/i0.wp.com\/cdnoticias.com\/wp-content\/uploads\/2022\/11\/WhatsApp-Image-2022-11-13-at-19.10.48-2.jpeg?resize=800%2C599&#038;ssl=1\" alt=\"\" width=\"800\" height=\"599\" srcset=\"https:\/\/i0.wp.com\/cdnoticias.com\/wp-content\/uploads\/2022\/11\/WhatsApp-Image-2022-11-13-at-19.10.48-2.jpeg?w=1600&amp;ssl=1 1600w, https:\/\/i0.wp.com\/cdnoticias.com\/wp-content\/uploads\/2022\/11\/WhatsApp-Image-2022-11-13-at-19.10.48-2.jpeg?resize=300%2C224&amp;ssl=1 300w, https:\/\/i0.wp.com\/cdnoticias.com\/wp-content\/uploads\/2022\/11\/WhatsApp-Image-2022-11-13-at-19.10.48-2.jpeg?resize=1024%2C766&amp;ssl=1 1024w, https:\/\/i0.wp.com\/cdnoticias.com\/wp-content\/uploads\/2022\/11\/WhatsApp-Image-2022-11-13-at-19.10.48-2.jpeg?resize=768%2C575&amp;ssl=1 768w, https:\/\/i0.wp.com\/cdnoticias.com\/wp-content\/uploads\/2022\/11\/WhatsApp-Image-2022-11-13-at-19.10.48-2.jpeg?resize=1536%2C1149&amp;ssl=1 1536w\" sizes=\"auto, (max-width: 800px) 100vw, 800px\" \/><\/p>\n<p>&nbsp;<\/p>\n<p>Finalmente,<strong> y tras el expreso pedido de enfocarse en las PASO del pr\u00f3ximo a\u00f1o para enfrentarse ante -probablemente- el Intendente Galli dentro de Juntos<\/strong>, la lista ganadora se traslad\u00f3 al hist\u00f3rico comit\u00e9 de calle 25 de Mayo para celebrar el triunfo.<\/p>\n<p>&nbsp;<\/p>\n<p><img data-recalc-dims=\"1\" loading=\"lazy\" decoding=\"async\" class=\"aligncenter size-full wp-image-69888\" src=\"https:\/\/i0.wp.com\/cdnoticias.com\/wp-content\/uploads\/2022\/11\/WhatsApp-Image-2022-11-13-at-19.47.37.jpeg?resize=800%2C360&#038;ssl=1\" alt=\"\" width=\"800\" height=\"360\" srcset=\"https:\/\/i0.wp.com\/cdnoticias.com\/wp-content\/uploads\/2022\/11\/WhatsApp-Image-2022-11-13-at-19.47.37.jpeg?w=1600&amp;ssl=1 1600w, https:\/\/i0.wp.com\/cdnoticias.com\/wp-content\/uploads\/2022\/11\/WhatsApp-Image-2022-11-13-at-19.47.37.jpeg?resize=300%2C135&amp;ssl=1 300w, https:\/\/i0.wp.com\/cdnoticias.com\/wp-content\/uploads\/2022\/11\/WhatsApp-Image-2022-11-13-at-19.47.37.jpeg?resize=1024%2C460&amp;ssl=1 1024w, https:\/\/i0.wp.com\/cdnoticias.com\/wp-content\/uploads\/2022\/11\/WhatsApp-Image-2022-11-13-at-19.47.37.jpeg?resize=768%2C345&amp;ssl=1 768w, https:\/\/i0.wp.com\/cdnoticias.com\/wp-content\/uploads\/2022\/11\/WhatsApp-Image-2022-11-13-at-19.47.37.jpeg?resize=1536%2C690&amp;ssl=1 1536w\" sizes=\"auto, (max-width: 800px) 100vw, 800px\" \/><\/p>\n","protected":false},"excerpt":{"rendered":"<p>Se impuso con el 57,6% de los votos de 1.025 afiliados que asistieron a votar. Finalmente, hubo foto de los<\/p>\n","protected":false},"author":5,"featured_media":69879,"comment_status":"closed","ping_status":"closed","sticky":false,"template":"","format":"standard","meta":{"_jetpack_memberships_contains_paid_content":false,"footnotes":""},"categories":[4,1],"tags":[],"class_list":["post-69878","post","type-post","status-publish","format-standard","has-post-thumbnail","hentry","category-politica","category-portada"],"jetpack_featured_media_url":"https:\/\/i0.wp.com\/cdnoticias.com\/wp-content\/uploads\/2022\/11\/WhatsApp-Image-2022-11-13-at-19.14.50-2.jpeg?fit=1600%2C1197&ssl=1","jetpack_sharing_enabled":true,"_links":{"self":[{"href":"https:\/\/cdnoticias.com\/index.php\/wp-json\/wp\/v2\/posts\/69878","targetHints":{"allow":["GET"]}}],"collection":[{"href":"https:\/\/cdnoticias.com\/index.php\/wp-json\/wp\/v2\/posts"}],"about":[{"href":"https:\/\/cdnoticias.com\/index.php\/wp-json\/wp\/v2\/types\/post"}],"author":[{"embeddable":true,"href":"https:\/\/cdnoticias.com\/index.php\/wp-json\/wp\/v2\/users\/5"}],"replies":[{"embeddable":true,"href":"https:\/\/cdnoticias.com\/index.php\/wp-json\/wp\/v2\/comments?post=69878"}],"version-history":[{"count":0,"href":"https:\/\/cdnoticias.com\/index.php\/wp-json\/wp\/v2\/posts\/69878\/revisions"}],"wp:featuredmedia":[{"embeddable":true,"href":"https:\/\/cdnoticias.com\/index.php\/wp-json\/wp\/v2\/media\/69879"}],"wp:attachment":[{"href":"https:\/\/cdnoticias.com\/index.php\/wp-json\/wp\/v2\/media?parent=69878"}],"wp:term":[{"taxonomy":"category","embeddable":true,"href":"https:\/\/cdnoticias.com\/index.php\/wp-json\/wp\/v2\/categories?post=69878"},{"taxonomy":"post_tag","embeddable":true,"href":"https:\/\/cdnoticias.com\/index.php\/wp-json\/wp\/v2\/tags?post=69878"}],"curies":[{"name":"wp","href":"https:\/\/api.w.org\/{rel}","templated":true}]}}