{"id":69862,"date":"2022-11-13T08:32:40","date_gmt":"2022-11-13T11:32:40","guid":{"rendered":"https:\/\/www.centraldenoticias.com.ar\/?p=69862"},"modified":"2022-11-14T07:49:18","modified_gmt":"2022-11-14T10:49:18","slug":"alerta-por-lluvias-y-tormentas-para-este-domingo","status":"publish","type":"post","link":"https:\/\/cdnoticias.com\/index.php\/2022\/11\/13\/alerta-por-lluvias-y-tormentas-para-este-domingo\/","title":{"rendered":"Alerta por lluvias y tormentas para este domingo"},"content":{"rendered":"<p>El Servicio Meteorol\u00f3gico Nacional emiti\u00f3 una alerta amarilla para La Madrid, Laprida y Olavarr\u00eda. \u00bfLlueve o no llueve?.<!--more--><\/p>\n<hr \/>\n<p>El Servicio Meteorol\u00f3gico Nacional anticip\u00f3 para la tarde y noche de este domingo la probabilidad de<strong> tormentas y abundantes precipitaciones.\u00a0<\/strong><\/p>\n<p>&nbsp;<\/p>\n<p>Adem\u00e1s, emiti\u00f3 una alerta amarilla para la zona de<strong> General La Madrid, Laprida y Olavarr\u00eda.<\/strong><\/p>\n<p>&nbsp;<\/p>\n<p>Seg\u00fan precisaron, el \u00e1rea de cobertura \u201cser\u00e1 afectada por<strong> tormentas, algunas localmente fuertes.<\/strong> Las mismas estar\u00e1n acompa\u00f1adas de r\u00e1fagas, ocasional ca\u00edda de granizo, fuerte actividad el\u00e9ctrica y abundante ca\u00edda de agua en cortos per\u00edodos\u201d.<\/p>\n<p>&nbsp;<\/p>\n<p>\u201cSe esperan valores de precipitaci\u00f3n acumulada diarios entre 15 y 40 mm en el centro del pa\u00eds\u201d, agregaron.<\/p>\n<p>&nbsp;<\/p>\n<p><img data-recalc-dims=\"1\" loading=\"lazy\" decoding=\"async\" class=\"aligncenter size-full wp-image-69864\" src=\"https:\/\/i0.wp.com\/cdnoticias.com\/wp-content\/uploads\/2022\/11\/pronostico.png?resize=800%2C333&#038;ssl=1\" alt=\"\" width=\"800\" height=\"333\" srcset=\"https:\/\/i0.wp.com\/cdnoticias.com\/wp-content\/uploads\/2022\/11\/pronostico.png?w=1366&amp;ssl=1 1366w, https:\/\/i0.wp.com\/cdnoticias.com\/wp-content\/uploads\/2022\/11\/pronostico.png?resize=300%2C125&amp;ssl=1 300w, https:\/\/i0.wp.com\/cdnoticias.com\/wp-content\/uploads\/2022\/11\/pronostico.png?resize=1024%2C426&amp;ssl=1 1024w, https:\/\/i0.wp.com\/cdnoticias.com\/wp-content\/uploads\/2022\/11\/pronostico.png?resize=768%2C319&amp;ssl=1 768w\" sizes=\"auto, (max-width: 800px) 100vw, 800px\" \/><\/p>\n","protected":false},"excerpt":{"rendered":"<p>El Servicio Meteorol\u00f3gico Nacional emiti\u00f3 una alerta amarilla para La Madrid, Laprida y Olavarr\u00eda. \u00bfLlueve o no llueve?.<\/p>\n","protected":false},"author":5,"featured_media":69863,"comment_status":"closed","ping_status":"closed","sticky":false,"template":"","format":"standard","meta":{"_jetpack_memberships_contains_paid_content":false,"footnotes":""},"categories":[5],"tags":[],"class_list":["post-69862","post","type-post","status-publish","format-standard","has-post-thumbnail","hentry","category-informacion-general"],"jetpack_featured_media_url":"https:\/\/i0.wp.com\/cdnoticias.com\/wp-content\/uploads\/2022\/11\/clima-tiempo-tormenta.jpeg?fit=1600%2C1197&ssl=1","jetpack_sharing_enabled":true,"_links":{"self":[{"href":"https:\/\/cdnoticias.com\/index.php\/wp-json\/wp\/v2\/posts\/69862","targetHints":{"allow":["GET"]}}],"collection":[{"href":"https:\/\/cdnoticias.com\/index.php\/wp-json\/wp\/v2\/posts"}],"about":[{"href":"https:\/\/cdnoticias.com\/index.php\/wp-json\/wp\/v2\/types\/post"}],"author":[{"embeddable":true,"href":"https:\/\/cdnoticias.com\/index.php\/wp-json\/wp\/v2\/users\/5"}],"replies":[{"embeddable":true,"href":"https:\/\/cdnoticias.com\/index.php\/wp-json\/wp\/v2\/comments?post=69862"}],"version-history":[{"count":0,"href":"https:\/\/cdnoticias.com\/index.php\/wp-json\/wp\/v2\/posts\/69862\/revisions"}],"wp:featuredmedia":[{"embeddable":true,"href":"https:\/\/cdnoticias.com\/index.php\/wp-json\/wp\/v2\/media\/69863"}],"wp:attachment":[{"href":"https:\/\/cdnoticias.com\/index.php\/wp-json\/wp\/v2\/media?parent=69862"}],"wp:term":[{"taxonomy":"category","embeddable":true,"href":"https:\/\/cdnoticias.com\/index.php\/wp-json\/wp\/v2\/categories?post=69862"},{"taxonomy":"post_tag","embeddable":true,"href":"https:\/\/cdnoticias.com\/index.php\/wp-json\/wp\/v2\/tags?post=69862"}],"curies":[{"name":"wp","href":"https:\/\/api.w.org\/{rel}","templated":true}]}}