{"id":69843,"date":"2022-11-12T22:00:00","date_gmt":"2022-11-13T01:00:00","guid":{"rendered":"https:\/\/www.centraldenoticias.com.ar\/?p=69843"},"modified":"2022-11-13T09:26:57","modified_gmt":"2022-11-13T12:26:57","slug":"el-ex-defensor-oficial-martin-marcelli-seguira-detenido","status":"publish","type":"post","link":"https:\/\/cdnoticias.com\/index.php\/2022\/11\/12\/el-ex-defensor-oficial-martin-marcelli-seguira-detenido\/","title":{"rendered":"El ex defensor oficial Mart\u00edn Marcelli seguir\u00e1 detenido"},"content":{"rendered":"<p>Su defensa apel\u00f3 la prisi\u00f3n preventiva pero la C\u00e1mara de Apelaci\u00f3n de Azul la rechaz\u00f3. Marcelli est\u00e1 imputado por tres causas enmarcadas en violencia de g\u00e9nero.<!--more--><\/p>\n<hr \/>\n<p>La <strong>C\u00e1mara de Apelaci\u00f3n y Garant\u00edas en lo Penal Departamental de Azul<\/strong> resolvi\u00f3<strong> rechazar el recurso de apelaci\u00f3n<\/strong> presentado por la defensa de Mart\u00edn Marcelli y<strong> confirmar su prisi\u00f3n preventiva<\/strong> al estar imputado en tres causas enmarcadas en violencia de g\u00e9nero.<\/p>\n<p>&nbsp;<\/p>\n<p>Recordemos que la Jueza del Juzgado de Garant\u00edas N\u00b01 de Olavarr\u00eda, la doctora Fabiana San Rom\u00e1n, resolvi\u00f3 en septiembre de este a\u00f1o <a href=\"https:\/\/cdnoticias.com\/index.php\/2022\/10\/08\/se-dicto-la-prision-preventiva-para-martin-marcelli\/\" target=\"_blank\" rel=\"noopener\">convertir en prisi\u00f3n preventiva la detenci\u00f3n del defensor oficial suspendido en su cargo<\/a> Mart\u00edn Marcelli. <strong>Contra dicha resoluci\u00f3n interpuso el recurso de apelaci\u00f3n, el defensor particular, doctor Marcelo Fuche.<\/strong><\/p>\n<p>&nbsp;<\/p>\n<blockquote><p>Uno de los hechos est\u00e1 caratulado como \u201creducci\u00f3n a estado de servidumbre en concurso real con lesiones leves calificadas por el v\u00ednculo en un contexto de violencia de g\u00e9nero (reiteradas)\u201d. Los restantes est\u00e1n definidos como \u201camenazas calificadas por el uso de arma\u201d y \u201camenazas agravadas\u201d.<\/p><\/blockquote>\n<p>&nbsp;<\/p>\n<p>La Resoluci\u00f3n firmada por los jueces Gustavo Agust\u00edn Echevarr\u00eda, Dami\u00e1n Pedro Cini y Carlos Paulino Pagliere (h), expresa que la decisi\u00f3n de rechazar el pedido de apelaci\u00f3n se toma <strong>\u201cpor existir indicios vehementes que permiten tenerlo como autor penalmente responsable\u201d<\/strong> de los delitos que se le imputan.<\/p>\n<p>&nbsp;<\/p>\n<p>El abogado<a href=\"https:\/\/cdnoticias.com\/index.php\/2022\/08\/29\/pueblo-nuevo-detuvieron-al-ex-defensor-oficial-martin-marcelli\/\" target=\"_blank\" rel=\"noopener\"> fue detenido el 29 de agosto<\/a> pasado en Olavarr\u00eda. Estuvo al frente de la Defensor\u00eda Oficial N\u00b0 3 con asiento en nuestra ciudad durante varios a\u00f1os. Tras su detenci\u00f3n, Marcelli hab\u00eda declarado ante el fiscal y neg\u00f3 su autor\u00eda en las tres causas en las que fue imputado.<\/p>\n<p>&nbsp;<\/p>\n<blockquote class=\"wp-embedded-content\" data-secret=\"qozOz4AsOi\"><p><a href=\"https:\/\/cdnoticias.com\/index.php\/2022\/08\/31\/el-ex-defensor-oficial-martin-marcelli-declaro-ante-el-fiscal-calonje\/\">El ex defensor oficial Mart\u00edn Marcelli declar\u00f3 ante el fiscal Calonje<\/a><\/p><\/blockquote>\n<p><iframe loading=\"lazy\" class=\"wp-embedded-content\" sandbox=\"allow-scripts\" security=\"restricted\" style=\"position: absolute; clip: rect(1px, 1px, 1px, 1px);\" title=\"&#8220;El ex defensor oficial Mart\u00edn Marcelli declar\u00f3 ante el fiscal Calonje&#8221; &#8212; Central de Noticias | Olavarr\u00eda\" src=\"https:\/\/cdnoticias.com\/index.php\/2022\/08\/31\/el-ex-defensor-oficial-martin-marcelli-declaro-ante-el-fiscal-calonje\/embed\/#?secret=dTMkLioYmE#?secret=qozOz4AsOi\" data-secret=\"qozOz4AsOi\" width=\"600\" height=\"338\" frameborder=\"0\" marginwidth=\"0\" marginheight=\"0\" scrolling=\"no\"><\/iframe><\/p>\n","protected":false},"excerpt":{"rendered":"<p>Su defensa apel\u00f3 la prisi\u00f3n preventiva pero la C\u00e1mara de Apelaci\u00f3n de Azul la rechaz\u00f3. Marcelli est\u00e1 imputado por tres<\/p>\n","protected":false},"author":5,"featured_media":63646,"comment_status":"closed","ping_status":"closed","sticky":false,"template":"","format":"standard","meta":{"_jetpack_memberships_contains_paid_content":false,"footnotes":""},"categories":[14,1],"tags":[],"class_list":["post-69843","post","type-post","status-publish","format-standard","has-post-thumbnail","hentry","category-policiales","category-portada"],"jetpack_featured_media_url":"https:\/\/i0.wp.com\/cdnoticias.com\/wp-content\/uploads\/2022\/08\/martin-marcelli-detenido-00.jpg?fit=800%2C445&ssl=1","jetpack_sharing_enabled":true,"_links":{"self":[{"href":"https:\/\/cdnoticias.com\/index.php\/wp-json\/wp\/v2\/posts\/69843","targetHints":{"allow":["GET"]}}],"collection":[{"href":"https:\/\/cdnoticias.com\/index.php\/wp-json\/wp\/v2\/posts"}],"about":[{"href":"https:\/\/cdnoticias.com\/index.php\/wp-json\/wp\/v2\/types\/post"}],"author":[{"embeddable":true,"href":"https:\/\/cdnoticias.com\/index.php\/wp-json\/wp\/v2\/users\/5"}],"replies":[{"embeddable":true,"href":"https:\/\/cdnoticias.com\/index.php\/wp-json\/wp\/v2\/comments?post=69843"}],"version-history":[{"count":0,"href":"https:\/\/cdnoticias.com\/index.php\/wp-json\/wp\/v2\/posts\/69843\/revisions"}],"wp:featuredmedia":[{"embeddable":true,"href":"https:\/\/cdnoticias.com\/index.php\/wp-json\/wp\/v2\/media\/63646"}],"wp:attachment":[{"href":"https:\/\/cdnoticias.com\/index.php\/wp-json\/wp\/v2\/media?parent=69843"}],"wp:term":[{"taxonomy":"category","embeddable":true,"href":"https:\/\/cdnoticias.com\/index.php\/wp-json\/wp\/v2\/categories?post=69843"},{"taxonomy":"post_tag","embeddable":true,"href":"https:\/\/cdnoticias.com\/index.php\/wp-json\/wp\/v2\/tags?post=69843"}],"curies":[{"name":"wp","href":"https:\/\/api.w.org\/{rel}","templated":true}]}}