{"id":69826,"date":"2022-11-12T13:18:31","date_gmt":"2022-11-12T16:18:31","guid":{"rendered":"https:\/\/www.centraldenoticias.com.ar\/?p=69826"},"modified":"2022-11-12T13:18:31","modified_gmt":"2022-11-12T16:18:31","slug":"comienza-el-pre-festival-y-gran-pena-de-olavarria","status":"publish","type":"post","link":"https:\/\/cdnoticias.com\/index.php\/2022\/11\/12\/comienza-el-pre-festival-y-gran-pena-de-olavarria\/","title":{"rendered":"Comienza el Pre Festival y Gran Pe\u00f1a de Olavarr\u00eda"},"content":{"rendered":"<p>Ser\u00e1 desde el mediod\u00eda de este s\u00e1bado, con m\u00e1s de 120 m\u00fasicos en escena. El ganador tendr\u00e1 la posibilidad de formar parte de la grilla del Festival Nacional de Doma y Folclore. <!--more--><\/p>\n<hr \/>\n<p>Con <strong>m\u00e1s de 120 m\u00fasicos en escena, este s\u00e1bado comenzar\u00e1 el Pre Festival y Gran Pe\u00f1a de Olavarr\u00eda<\/strong>, que en su primera edici\u00f3n tendr\u00e1 el principal atractivo de que el ganador tendr\u00e1 la posibilidad de formar parte de la grilla del Festival Nacional de Doma y Folclore.<\/p>\n<p>&nbsp;<\/p>\n<p>Se trata de un certamen musical <strong>cuyos ganadores formar\u00e1n parte de la grilla de artistas que tocar\u00e1n en el escenario mayor en la 19\u00ba edici\u00f3n del Festival Nacional de Doma y Folclore que se realizar\u00e1 en marzo de 2023.<\/strong><\/p>\n<p>&nbsp;<\/p>\n<p>Ser\u00e1 desde las<strong> 13:00 horas en el Predio Ferial de la Sociedad Rural ubicado en Avenida Ituzaingo y Calle 10<\/strong> y que tiene como objetivo<em> \u201calentar y promover el talento de artistas de todo el pa\u00eds a trav\u00e9s de la m\u00fasica\u201d.<\/em><\/p>\n<p>&nbsp;<\/p>\n<p>De esta manera, se les brindar\u00e1 a los ganadores del pre festival la posibilidad de poder mostrar su arte en el escenario mayor \u201cHoracio Guarany\u201d del festival Nacional de Doma y Folclore que, del 3 al 5 de marzo de 2023, realizar\u00e1 su 19\u00ba edici\u00f3n.<\/p>\n<p>&nbsp;<\/p>\n<p>Por otra parte, adem\u00e1s del certamen,<strong> desde las 20:00 horas se realizar\u00e1 una gran pe\u00f1a con la participaci\u00f3n de artistas destacados como Martin Barraza, Los Kijanos y Los Mensajeros de Colombia.<\/strong><\/p>\n<p>&nbsp;<\/p>\n<p>Las entradas tienen un valor de $1800 y el dato aclarado <strong>desde la organizaci\u00f3n es que no se suspende por lluvia.<\/strong><\/p>\n","protected":false},"excerpt":{"rendered":"<p>Ser\u00e1 desde el mediod\u00eda de este s\u00e1bado, con m\u00e1s de 120 m\u00fasicos en escena. El ganador tendr\u00e1 la posibilidad de<\/p>\n","protected":false},"author":2,"featured_media":47487,"comment_status":"closed","ping_status":"closed","sticky":false,"template":"","format":"standard","meta":{"_jetpack_memberships_contains_paid_content":false,"footnotes":""},"categories":[9,1],"tags":[],"class_list":["post-69826","post","type-post","status-publish","format-standard","has-post-thumbnail","hentry","category-cultura","category-portada"],"jetpack_featured_media_url":"https:\/\/i0.wp.com\/cdnoticias.com\/wp-content\/uploads\/2022\/02\/DH-Entradas-Festival-DomaFolckore-1024x683-1.jpg?fit=1024%2C683&ssl=1","jetpack_sharing_enabled":true,"_links":{"self":[{"href":"https:\/\/cdnoticias.com\/index.php\/wp-json\/wp\/v2\/posts\/69826","targetHints":{"allow":["GET"]}}],"collection":[{"href":"https:\/\/cdnoticias.com\/index.php\/wp-json\/wp\/v2\/posts"}],"about":[{"href":"https:\/\/cdnoticias.com\/index.php\/wp-json\/wp\/v2\/types\/post"}],"author":[{"embeddable":true,"href":"https:\/\/cdnoticias.com\/index.php\/wp-json\/wp\/v2\/users\/2"}],"replies":[{"embeddable":true,"href":"https:\/\/cdnoticias.com\/index.php\/wp-json\/wp\/v2\/comments?post=69826"}],"version-history":[{"count":0,"href":"https:\/\/cdnoticias.com\/index.php\/wp-json\/wp\/v2\/posts\/69826\/revisions"}],"wp:featuredmedia":[{"embeddable":true,"href":"https:\/\/cdnoticias.com\/index.php\/wp-json\/wp\/v2\/media\/47487"}],"wp:attachment":[{"href":"https:\/\/cdnoticias.com\/index.php\/wp-json\/wp\/v2\/media?parent=69826"}],"wp:term":[{"taxonomy":"category","embeddable":true,"href":"https:\/\/cdnoticias.com\/index.php\/wp-json\/wp\/v2\/categories?post=69826"},{"taxonomy":"post_tag","embeddable":true,"href":"https:\/\/cdnoticias.com\/index.php\/wp-json\/wp\/v2\/tags?post=69826"}],"curies":[{"name":"wp","href":"https:\/\/api.w.org\/{rel}","templated":true}]}}