{"id":69821,"date":"2022-11-12T13:18:27","date_gmt":"2022-11-12T16:18:27","guid":{"rendered":"https:\/\/www.centraldenoticias.com.ar\/?p=69821"},"modified":"2022-11-12T13:19:12","modified_gmt":"2022-11-12T16:19:12","slug":"ante-un-gran-marco-de-publico-presentaron-cada-domingo-de-carlos-verucchi","status":"publish","type":"post","link":"https:\/\/cdnoticias.com\/index.php\/2022\/11\/12\/ante-un-gran-marco-de-publico-presentaron-cada-domingo-de-carlos-verucchi\/","title":{"rendered":"Ante un gran marco de p\u00fablico, presentaron \u201cCada Domingo\u201d de Carlos Verucchi"},"content":{"rendered":"<p>Se trata de una producci\u00f3n en conjunto con Ediciones Del Altillo y el portal web En L\u00ednea Noticias. \u201cUn encuentro entre amigos\u201d fue catalogada la idea que se reflej\u00f3 en este libro.<!--more--><\/p>\n<hr \/>\n<p>En una jornada que tuvo una excelente respuesta del p\u00fablico, <strong>el escritor Carlos Verucchi present\u00f3 su libro \u201cCada domingo\u201d en un trabajo en conjunto de Ediciones Del Altillo y la producci\u00f3n del portal web En L\u00ednea Noticias.<\/strong><\/p>\n<p>&nbsp;<\/p>\n<p>El evento se realiz\u00f3 en el<strong> complejo deportivo Arcos, un lugar \u201cfutbolero\u201d, una caracter\u00edstica de este libro de Verucchi que recopil\u00f3 algunas de las m\u00e1s de 300 columnas que, domingo a domingo, el escritor publica en el portal En L\u00ednea Noticias, en un trabajo en conjunto que lleva m\u00e1s de seis a\u00f1os.<\/strong><\/p>\n<p>&nbsp;<\/p>\n<p><img data-recalc-dims=\"1\" loading=\"lazy\" decoding=\"async\" class=\"alignnone size-large wp-image-69812\" src=\"https:\/\/i0.wp.com\/cdnoticias.com\/wp-content\/uploads\/2022\/11\/cada-domingo4.jpg?resize=800%2C480&#038;ssl=1\" alt=\"\" width=\"800\" height=\"480\" srcset=\"https:\/\/i0.wp.com\/cdnoticias.com\/wp-content\/uploads\/2022\/11\/cada-domingo4-scaled.jpg?resize=1024%2C614&amp;ssl=1 1024w, https:\/\/i0.wp.com\/cdnoticias.com\/wp-content\/uploads\/2022\/11\/cada-domingo4-scaled.jpg?resize=300%2C180&amp;ssl=1 300w, https:\/\/i0.wp.com\/cdnoticias.com\/wp-content\/uploads\/2022\/11\/cada-domingo4-scaled.jpg?resize=768%2C461&amp;ssl=1 768w, https:\/\/i0.wp.com\/cdnoticias.com\/wp-content\/uploads\/2022\/11\/cada-domingo4-scaled.jpg?resize=1536%2C921&amp;ssl=1 1536w, https:\/\/i0.wp.com\/cdnoticias.com\/wp-content\/uploads\/2022\/11\/cada-domingo4-scaled.jpg?resize=2048%2C1228&amp;ssl=1 2048w, https:\/\/i0.wp.com\/cdnoticias.com\/wp-content\/uploads\/2022\/11\/cada-domingo4-scaled.jpg?w=1600&amp;ssl=1 1600w, https:\/\/i0.wp.com\/cdnoticias.com\/wp-content\/uploads\/2022\/11\/cada-domingo4-scaled.jpg?w=2400&amp;ssl=1 2400w\" sizes=\"auto, (max-width: 800px) 100vw, 800px\" \/><\/p>\n<p>&nbsp;<\/p>\n<blockquote><p>La mesa de presentaci\u00f3n estuvo a cargo de Jorge Scotton responsable de En L\u00ednea Noticias, Guillermo Del Zotto, responsable de ediciones independientes Del Altillo y el autor del libro.<\/p><\/blockquote>\n<p>&nbsp;<\/p>\n<p>Adem\u00e1s, el artista<em> Gonzalo Cabri acompa\u00f1\u00f3 con su m\u00fasica una jornada cargada de emociones, de balances y tambi\u00e9n de disfrutar con amigos.<\/em> Tanto Scotton como Del Zotto, entre risas, contaban que \u201cse peleaban\u201d por la amistad de Verucchi, dado que los dos \u2013cada uno en distintas etapas de sus vidas- fueron compa\u00f1eros de Escuela primaria y secundaria.<\/p>\n<p>&nbsp;<\/p>\n<p><img data-recalc-dims=\"1\" loading=\"lazy\" decoding=\"async\" class=\"alignnone size-large wp-image-69811\" src=\"https:\/\/i0.wp.com\/cdnoticias.com\/wp-content\/uploads\/2022\/11\/cada-domingo3.jpg?resize=800%2C480&#038;ssl=1\" alt=\"\" width=\"800\" height=\"480\" srcset=\"https:\/\/i0.wp.com\/cdnoticias.com\/wp-content\/uploads\/2022\/11\/cada-domingo3-scaled.jpg?resize=1024%2C614&amp;ssl=1 1024w, https:\/\/i0.wp.com\/cdnoticias.com\/wp-content\/uploads\/2022\/11\/cada-domingo3-scaled.jpg?resize=300%2C180&amp;ssl=1 300w, https:\/\/i0.wp.com\/cdnoticias.com\/wp-content\/uploads\/2022\/11\/cada-domingo3-scaled.jpg?resize=768%2C461&amp;ssl=1 768w, https:\/\/i0.wp.com\/cdnoticias.com\/wp-content\/uploads\/2022\/11\/cada-domingo3-scaled.jpg?resize=1536%2C922&amp;ssl=1 1536w, https:\/\/i0.wp.com\/cdnoticias.com\/wp-content\/uploads\/2022\/11\/cada-domingo3-scaled.jpg?resize=2048%2C1229&amp;ssl=1 2048w, https:\/\/i0.wp.com\/cdnoticias.com\/wp-content\/uploads\/2022\/11\/cada-domingo3-scaled.jpg?w=1600&amp;ssl=1 1600w, https:\/\/i0.wp.com\/cdnoticias.com\/wp-content\/uploads\/2022\/11\/cada-domingo3-scaled.jpg?w=2400&amp;ssl=1 2400w\" sizes=\"auto, (max-width: 800px) 100vw, 800px\" \/><\/p>\n<p>&nbsp;<\/p>\n<p>Jorge Scotton agradeci\u00f3 a los presentes y destac\u00f3 el compromiso de Verucchi con En L\u00ednea Noticias dado que<em> \u201cde manera ininterrumpida semana a semana acerc\u00f3 a los lectores del medio columnas de distinto tipo que siempre suscitaron inter\u00e9s y comentarios\u201d.<\/em><\/p>\n<p>&nbsp;<\/p>\n<p>Justamente, <strong>uno de los cuentos del libro fue le\u00eddo por Celeste Amarante, una de las primeras lectoras de Verucchi cerrando un c\u00edrculo de la relaci\u00f3n entre autor y lector que grafica el trabajo y el compromiso de acompa\u00f1ar todas las semanas a cientos de personas<\/strong> que eligen leer algo distinto \u201cCada Domingo\u201d.<\/p>\n<p>&nbsp;<\/p>\n<p>Verucchi tambi\u00e9n relat\u00f3 el trabajo de, todas las semanas, encomendarse a escribir algo que no necesariamente era la cr\u00edtica de un libro, sino un comentario, una propuesta literaria, y horas y horas de escritura para que, durante 6 a\u00f1os, haya una columna publicada en un medio de Olavarr\u00eda.<\/p>\n<p>&nbsp;<\/p>\n<p><img data-recalc-dims=\"1\" loading=\"lazy\" decoding=\"async\" class=\"alignnone size-large wp-image-69815\" src=\"https:\/\/i0.wp.com\/cdnoticias.com\/wp-content\/uploads\/2022\/11\/cada-domingo7.jpg?resize=800%2C480&#038;ssl=1\" alt=\"\" width=\"800\" height=\"480\" srcset=\"https:\/\/i0.wp.com\/cdnoticias.com\/wp-content\/uploads\/2022\/11\/cada-domingo7-scaled.jpg?resize=1024%2C614&amp;ssl=1 1024w, https:\/\/i0.wp.com\/cdnoticias.com\/wp-content\/uploads\/2022\/11\/cada-domingo7-scaled.jpg?resize=300%2C180&amp;ssl=1 300w, https:\/\/i0.wp.com\/cdnoticias.com\/wp-content\/uploads\/2022\/11\/cada-domingo7-scaled.jpg?resize=768%2C461&amp;ssl=1 768w, https:\/\/i0.wp.com\/cdnoticias.com\/wp-content\/uploads\/2022\/11\/cada-domingo7-scaled.jpg?resize=1536%2C921&amp;ssl=1 1536w, https:\/\/i0.wp.com\/cdnoticias.com\/wp-content\/uploads\/2022\/11\/cada-domingo7-scaled.jpg?resize=2048%2C1228&amp;ssl=1 2048w, https:\/\/i0.wp.com\/cdnoticias.com\/wp-content\/uploads\/2022\/11\/cada-domingo7-scaled.jpg?w=1600&amp;ssl=1 1600w, https:\/\/i0.wp.com\/cdnoticias.com\/wp-content\/uploads\/2022\/11\/cada-domingo7-scaled.jpg?w=2400&amp;ssl=1 2400w\" sizes=\"auto, (max-width: 800px) 100vw, 800px\" \/><\/p>\n<p>&nbsp;<\/p>\n<p><strong>Guillermo Del Zotto, desde el Altillo<\/strong>, agradeci\u00f3 la confianza tanto de Carlos Verucchi como de En L\u00ednea Noticias para elegir a la editorial local para publicar \u201cCada domingo\u201d.<\/p>\n<p>&nbsp;<\/p>\n<p>Con diversas presencias de referentes de distintos sectores de la ciudad<strong>, la actividad cerr\u00f3 con m\u00fasica, una peque\u00f1a mesa con algo para deleitarse y la venta de libros que, actualmente, se encuentra a disposici\u00f3n en las redes sociales de la Editorial Del Altillo.<\/strong><\/p>\n<p>&nbsp;<\/p>\n<p><img data-recalc-dims=\"1\" loading=\"lazy\" decoding=\"async\" class=\"alignnone size-large wp-image-69816\" src=\"https:\/\/i0.wp.com\/cdnoticias.com\/wp-content\/uploads\/2022\/11\/cada-domingo8.jpg?resize=800%2C480&#038;ssl=1\" alt=\"\" width=\"800\" height=\"480\" srcset=\"https:\/\/i0.wp.com\/cdnoticias.com\/wp-content\/uploads\/2022\/11\/cada-domingo8-scaled.jpg?resize=1024%2C614&amp;ssl=1 1024w, https:\/\/i0.wp.com\/cdnoticias.com\/wp-content\/uploads\/2022\/11\/cada-domingo8-scaled.jpg?resize=300%2C180&amp;ssl=1 300w, https:\/\/i0.wp.com\/cdnoticias.com\/wp-content\/uploads\/2022\/11\/cada-domingo8-scaled.jpg?resize=768%2C461&amp;ssl=1 768w, https:\/\/i0.wp.com\/cdnoticias.com\/wp-content\/uploads\/2022\/11\/cada-domingo8-scaled.jpg?resize=1536%2C921&amp;ssl=1 1536w, https:\/\/i0.wp.com\/cdnoticias.com\/wp-content\/uploads\/2022\/11\/cada-domingo8-scaled.jpg?resize=2048%2C1228&amp;ssl=1 2048w, https:\/\/i0.wp.com\/cdnoticias.com\/wp-content\/uploads\/2022\/11\/cada-domingo8-scaled.jpg?w=1600&amp;ssl=1 1600w, https:\/\/i0.wp.com\/cdnoticias.com\/wp-content\/uploads\/2022\/11\/cada-domingo8-scaled.jpg?w=2400&amp;ssl=1 2400w\" sizes=\"auto, (max-width: 800px) 100vw, 800px\" \/><\/p>\n","protected":false},"excerpt":{"rendered":"<p>Se trata de una producci\u00f3n en conjunto con Ediciones Del Altillo y el portal web En L\u00ednea Noticias. \u201cUn encuentro<\/p>\n","protected":false},"author":2,"featured_media":69814,"comment_status":"closed","ping_status":"closed","sticky":false,"template":"","format":"standard","meta":{"_jetpack_memberships_contains_paid_content":false,"footnotes":""},"categories":[9,1],"tags":[],"class_list":["post-69821","post","type-post","status-publish","format-standard","has-post-thumbnail","hentry","category-cultura","category-portada"],"jetpack_featured_media_url":"https:\/\/i0.wp.com\/cdnoticias.com\/wp-content\/uploads\/2022\/11\/cada-domingo6-scaled.jpg?fit=2560%2C1536&ssl=1","jetpack_sharing_enabled":true,"_links":{"self":[{"href":"https:\/\/cdnoticias.com\/index.php\/wp-json\/wp\/v2\/posts\/69821","targetHints":{"allow":["GET"]}}],"collection":[{"href":"https:\/\/cdnoticias.com\/index.php\/wp-json\/wp\/v2\/posts"}],"about":[{"href":"https:\/\/cdnoticias.com\/index.php\/wp-json\/wp\/v2\/types\/post"}],"author":[{"embeddable":true,"href":"https:\/\/cdnoticias.com\/index.php\/wp-json\/wp\/v2\/users\/2"}],"replies":[{"embeddable":true,"href":"https:\/\/cdnoticias.com\/index.php\/wp-json\/wp\/v2\/comments?post=69821"}],"version-history":[{"count":0,"href":"https:\/\/cdnoticias.com\/index.php\/wp-json\/wp\/v2\/posts\/69821\/revisions"}],"wp:featuredmedia":[{"embeddable":true,"href":"https:\/\/cdnoticias.com\/index.php\/wp-json\/wp\/v2\/media\/69814"}],"wp:attachment":[{"href":"https:\/\/cdnoticias.com\/index.php\/wp-json\/wp\/v2\/media?parent=69821"}],"wp:term":[{"taxonomy":"category","embeddable":true,"href":"https:\/\/cdnoticias.com\/index.php\/wp-json\/wp\/v2\/categories?post=69821"},{"taxonomy":"post_tag","embeddable":true,"href":"https:\/\/cdnoticias.com\/index.php\/wp-json\/wp\/v2\/tags?post=69821"}],"curies":[{"name":"wp","href":"https:\/\/api.w.org\/{rel}","templated":true}]}}