{"id":6980,"date":"2020-11-19T19:02:01","date_gmt":"2020-11-19T22:02:01","guid":{"rendered":"http:\/\/www.centraldenoticias.com.ar\/?p=6980"},"modified":"2020-11-19T19:58:15","modified_gmt":"2020-11-19T22:58:15","slug":"covid-19-hubo-17-nuevos-casos-y-34-pacientes-recibieron-el-alta","status":"publish","type":"post","link":"https:\/\/cdnoticias.com\/index.php\/2020\/11\/19\/covid-19-hubo-17-nuevos-casos-y-34-pacientes-recibieron-el-alta\/","title":{"rendered":"Covid-19: hubo 17 nuevos casos y 34 pacientes recibieron el alta"},"content":{"rendered":"<p>El total de pacientes activos en el partido de Olavarr\u00eda es de 153. Los positivos corresponden a personal de comercios, f\u00e1bricas y a nexos con positivos anteriores.<!--more--><\/p>\n<hr \/>\n<p>&nbsp;<\/p>\n<p>La Secretar\u00eda de Salud del Gobierno Municipal inform\u00f3 que <strong>este jueves se registraron 17 nuevos casos de Covid-19<\/strong> en el partido de Olavarr\u00eda, hubo 34 pacientes que recibieron el alta m\u00e9dica y se descartaron 75. Asimismo, el total de pacientes activos es de 153.<\/p>\n<p>&nbsp;<\/p>\n<p>En el d\u00eda de la fecha <strong>se realizaron 92 testeos y m\u00e1s de 10.700 desde el comienzo de la pandemia.\u00a0<\/strong><\/p>\n<p>&nbsp;<\/p>\n<p><img data-recalc-dims=\"1\" loading=\"lazy\" decoding=\"async\" class=\"alignnone size-large wp-image-6983\" src=\"https:\/\/i0.wp.com\/cdnoticias.com\/wp-content\/uploads\/2020\/11\/parte-9.jpg?resize=800%2C402&#038;ssl=1\" alt=\"\" width=\"800\" height=\"402\" srcset=\"https:\/\/i0.wp.com\/cdnoticias.com\/wp-content\/uploads\/2020\/11\/parte-9.jpg?resize=1024%2C514&amp;ssl=1 1024w, https:\/\/i0.wp.com\/cdnoticias.com\/wp-content\/uploads\/2020\/11\/parte-9.jpg?resize=300%2C151&amp;ssl=1 300w, https:\/\/i0.wp.com\/cdnoticias.com\/wp-content\/uploads\/2020\/11\/parte-9.jpg?resize=768%2C386&amp;ssl=1 768w, https:\/\/i0.wp.com\/cdnoticias.com\/wp-content\/uploads\/2020\/11\/parte-9.jpg?w=1163&amp;ssl=1 1163w\" sizes=\"auto, (max-width: 800px) 100vw, 800px\" \/><\/p>\n<p>&nbsp;<\/p>\n<p>Los positivos de la jornada corresponden a <strong>personal de comercios, f\u00e1bricas y a nexos con positivos anteriores.<\/strong> Por otra parte, se record\u00f3 que el viernes se realizar\u00e1 una <a href=\"https:\/\/cdnoticias.com\/index.php\/2020\/11\/15\/como-se-implementara-la-cuarta-etapa-del-programa-rta\/\" target=\"_blank\" rel=\"noopener\">nueva jornada del Programa RTA en Sierra Chica.<\/a><\/p>\n<p>&nbsp;<\/p>\n<p><img data-recalc-dims=\"1\" loading=\"lazy\" decoding=\"async\" class=\"alignnone size-large wp-image-6979\" src=\"https:\/\/i0.wp.com\/cdnoticias.com\/wp-content\/uploads\/2020\/11\/WhatsApp-Image-2020-11-19-at-18.53.09.jpeg?resize=800%2C800&#038;ssl=1\" alt=\"\" width=\"800\" height=\"800\" srcset=\"https:\/\/i0.wp.com\/cdnoticias.com\/wp-content\/uploads\/2020\/11\/WhatsApp-Image-2020-11-19-at-18.53.09.jpeg?resize=1024%2C1024&amp;ssl=1 1024w, https:\/\/i0.wp.com\/cdnoticias.com\/wp-content\/uploads\/2020\/11\/WhatsApp-Image-2020-11-19-at-18.53.09.jpeg?resize=150%2C150&amp;ssl=1 150w, https:\/\/i0.wp.com\/cdnoticias.com\/wp-content\/uploads\/2020\/11\/WhatsApp-Image-2020-11-19-at-18.53.09.jpeg?resize=300%2C300&amp;ssl=1 300w, https:\/\/i0.wp.com\/cdnoticias.com\/wp-content\/uploads\/2020\/11\/WhatsApp-Image-2020-11-19-at-18.53.09.jpeg?resize=768%2C768&amp;ssl=1 768w, https:\/\/i0.wp.com\/cdnoticias.com\/wp-content\/uploads\/2020\/11\/WhatsApp-Image-2020-11-19-at-18.53.09.jpeg?w=1280&amp;ssl=1 1280w\" sizes=\"auto, (max-width: 800px) 100vw, 800px\" \/><\/p>\n<p>&nbsp;<\/p>\n<p>Sobre el estado actual del Hospital Municipal \u201cDr. H\u00e9ctor Cura\u201d, se indic\u00f3 que hay<strong> 8 pacientes en Unidad de Terapia Intensiva y 18 en Cuidados Generales.<\/strong><\/p>\n<p>&nbsp;<\/p>\n<p>En este sentido, desde la Secretar\u00eda de Salud Municipal aseguraron que<strong> el 88% de los casos positivos corresponden a personas con menos de 60 a\u00f1os y el 12% a mayores de 60 a\u00f1os.<\/strong><\/p>\n","protected":false},"excerpt":{"rendered":"<p>El total de pacientes activos en el partido de Olavarr\u00eda es de 153. Los positivos corresponden a personal de comercios,<\/p>\n","protected":false},"author":5,"featured_media":6085,"comment_status":"closed","ping_status":"closed","sticky":false,"template":"","format":"standard","meta":{"_jetpack_memberships_contains_paid_content":false,"footnotes":""},"categories":[5,1],"tags":[],"class_list":["post-6980","post","type-post","status-publish","format-standard","has-post-thumbnail","hentry","category-informacion-general","category-portada"],"jetpack_featured_media_url":"https:\/\/i0.wp.com\/cdnoticias.com\/wp-content\/uploads\/2020\/11\/Salud-Rta-Territorial-n%C2%B0-4-1024x682.jpg?fit=1024%2C682&ssl=1","jetpack_sharing_enabled":true,"_links":{"self":[{"href":"https:\/\/cdnoticias.com\/index.php\/wp-json\/wp\/v2\/posts\/6980","targetHints":{"allow":["GET"]}}],"collection":[{"href":"https:\/\/cdnoticias.com\/index.php\/wp-json\/wp\/v2\/posts"}],"about":[{"href":"https:\/\/cdnoticias.com\/index.php\/wp-json\/wp\/v2\/types\/post"}],"author":[{"embeddable":true,"href":"https:\/\/cdnoticias.com\/index.php\/wp-json\/wp\/v2\/users\/5"}],"replies":[{"embeddable":true,"href":"https:\/\/cdnoticias.com\/index.php\/wp-json\/wp\/v2\/comments?post=6980"}],"version-history":[{"count":0,"href":"https:\/\/cdnoticias.com\/index.php\/wp-json\/wp\/v2\/posts\/6980\/revisions"}],"wp:featuredmedia":[{"embeddable":true,"href":"https:\/\/cdnoticias.com\/index.php\/wp-json\/wp\/v2\/media\/6085"}],"wp:attachment":[{"href":"https:\/\/cdnoticias.com\/index.php\/wp-json\/wp\/v2\/media?parent=6980"}],"wp:term":[{"taxonomy":"category","embeddable":true,"href":"https:\/\/cdnoticias.com\/index.php\/wp-json\/wp\/v2\/categories?post=6980"},{"taxonomy":"post_tag","embeddable":true,"href":"https:\/\/cdnoticias.com\/index.php\/wp-json\/wp\/v2\/tags?post=6980"}],"curies":[{"name":"wp","href":"https:\/\/api.w.org\/{rel}","templated":true}]}}