{"id":69727,"date":"2022-11-11T10:29:47","date_gmt":"2022-11-11T13:29:47","guid":{"rendered":"https:\/\/www.centraldenoticias.com.ar\/?p=69727"},"modified":"2022-11-11T13:00:59","modified_gmt":"2022-11-11T16:00:59","slug":"licencias-de-conducir-se-elimina-el-examen-practico-para-los-mayores-de-70-anos","status":"publish","type":"post","link":"https:\/\/cdnoticias.com\/index.php\/2022\/11\/11\/licencias-de-conducir-se-elimina-el-examen-practico-para-los-mayores-de-70-anos\/","title":{"rendered":"Licencias de Conducir: se elimina el examen pr\u00e1ctico para los mayores de 70 a\u00f1os"},"content":{"rendered":"<p>Ser\u00e1 a partir del 1 de diciembre. Solo deber\u00e1n realizar la prueba por disposici\u00f3n m\u00e9dica. Adem\u00e1s, el examen te\u00f3rico para adultos mayores se llevar\u00e1 a cabo en el Sal\u00f3n Rivadavia en un sector especial.<!--more--><\/p>\n<hr \/>\n<p>A partir del<strong> 1 de diciembre<\/strong> las <strong>pruebas pr\u00e1cticas de manejo para los adultos mayores de 70 a\u00f1os solo se realizar\u00e1n por disposici\u00f3n m\u00e9dica.<\/strong> As\u00ed fue dispuesto por el intendente Ezequiel Galli y comunicado durante la jornada de este viernes.<\/p>\n<p>&nbsp;<\/p>\n<p>De esta manera, los profesionales de la salud, atendiendo al estado f\u00edsico, patolog\u00edas y certificados, determinar\u00e1n su realizaci\u00f3n o no. Es decir, <strong>la excepci\u00f3n ser\u00e1 s\u00f3lo para aquellos que no posean objeciones en el examen m\u00e9dico.<\/strong><\/p>\n<p>&nbsp;<\/p>\n<p>Adem\u00e1s, desde la Direcci\u00f3n de Licencias de Conducir informaron que <strong>se modificar\u00e1 el examen te\u00f3rico<\/strong> para los mayores de 70 a\u00f1os, priorizando el acompa\u00f1amiento del personal del \u00e1rea.<\/p>\n<p>&nbsp;<\/p>\n<p>Estos ex\u00e1menes se llevar\u00e1n a cabo en el <strong>Sal\u00f3n Rivadavia en un sector especial destinado a los mayores de 70 a\u00f1os<\/strong>, que<strong> no tendr\u00e1n que concurrir m\u00e1s al predio de Licencias en La M\u00e1xima.<\/strong><\/p>\n<p>&nbsp;<\/p>\n<p><img data-recalc-dims=\"1\" loading=\"lazy\" decoding=\"async\" class=\"aligncenter size-full wp-image-59203\" src=\"https:\/\/i0.wp.com\/cdnoticias.com\/wp-content\/uploads\/2022\/07\/Licencias-de-Conducir-Charla-Sotuyo-2-1024x512-1.jpeg?resize=800%2C400&#038;ssl=1\" alt=\"\" width=\"800\" height=\"400\" srcset=\"https:\/\/i0.wp.com\/cdnoticias.com\/wp-content\/uploads\/2022\/07\/Licencias-de-Conducir-Charla-Sotuyo-2-1024x512-1.jpeg?w=1024&amp;ssl=1 1024w, https:\/\/i0.wp.com\/cdnoticias.com\/wp-content\/uploads\/2022\/07\/Licencias-de-Conducir-Charla-Sotuyo-2-1024x512-1.jpeg?resize=300%2C150&amp;ssl=1 300w, https:\/\/i0.wp.com\/cdnoticias.com\/wp-content\/uploads\/2022\/07\/Licencias-de-Conducir-Charla-Sotuyo-2-1024x512-1.jpeg?resize=768%2C384&amp;ssl=1 768w\" sizes=\"auto, (max-width: 800px) 100vw, 800px\" \/><\/p>\n<p>&nbsp;<\/p>\n<blockquote><p>Al respecto, el propio Ezequiel Galli indic\u00f3 que \u201cla idea central de esta medida es evitar la discriminaci\u00f3n hacia los adultos mayores y contribuir a su plena inclusi\u00f3n, integraci\u00f3n y participaci\u00f3n en la sociedad\u201d.<\/p><\/blockquote>\n<p>&nbsp;<\/p>\n<p>&#8220;Atr\u00e1s de esta nueva disposici\u00f3n hay un gran trabajo del personal de Licencias de Conducir. Las medidas que estamos tomando para no perjudicar a nuestros adultos mayores est\u00e1n fundamentadas en la <strong>Convenci\u00f3n Interamericana sobre Protecci\u00f3n de los Derechos Humanos de las Personas Mayores<\/strong>&#8220;, agreg\u00f3.<\/p>\n<p>&nbsp;<\/p>\n<blockquote><p>Cabe recordar que la Direcci\u00f3n de Licencias de Conducir del Gobierno Municipal ofrece\u00a0 jueves quincenalmente a las 19 horas en el Sal\u00f3n Rivadavia charlas gratuitas te\u00f3ricas de educaci\u00f3n vial.<\/p><\/blockquote>\n<p>&nbsp;<\/p>\n<p>El <strong>director de Licencias de Conducir Leandro Lanceta<\/strong> explic\u00f3 que \u201cel examen te\u00f3rico constar\u00e1 de <strong>diez preguntas<\/strong> basadas en im\u00e1genes, que fueron consensuadas y trabajadas con la Direcci\u00f3n de Discapacidad y Adultos Mayores\u201d.<\/p>\n<p>&nbsp;<\/p>\n<p>\u201cAll\u00ed, con el apoyo de la Licenciada en Gerontolog\u00eda Magal\u00ed Sandoval, pudimos elaborar una<strong> prueba m\u00e1s amigable y adaptada<\/strong> a los ciudadanos de esa franja etaria\u201d, agreg\u00f3 Lanceta.<\/p>\n","protected":false},"excerpt":{"rendered":"<p>Ser\u00e1 a partir del 1 de diciembre. Solo deber\u00e1n realizar la prueba por disposici\u00f3n m\u00e9dica. Adem\u00e1s, el examen te\u00f3rico para<\/p>\n","protected":false},"author":5,"featured_media":41463,"comment_status":"closed","ping_status":"closed","sticky":false,"template":"","format":"standard","meta":{"_jetpack_memberships_contains_paid_content":false,"footnotes":""},"categories":[5,1],"tags":[],"class_list":["post-69727","post","type-post","status-publish","format-standard","has-post-thumbnail","hentry","category-informacion-general","category-portada"],"jetpack_featured_media_url":"https:\/\/i0.wp.com\/cdnoticias.com\/wp-content\/uploads\/2021\/12\/licencias.jpg?fit=800%2C530&ssl=1","jetpack_sharing_enabled":true,"_links":{"self":[{"href":"https:\/\/cdnoticias.com\/index.php\/wp-json\/wp\/v2\/posts\/69727","targetHints":{"allow":["GET"]}}],"collection":[{"href":"https:\/\/cdnoticias.com\/index.php\/wp-json\/wp\/v2\/posts"}],"about":[{"href":"https:\/\/cdnoticias.com\/index.php\/wp-json\/wp\/v2\/types\/post"}],"author":[{"embeddable":true,"href":"https:\/\/cdnoticias.com\/index.php\/wp-json\/wp\/v2\/users\/5"}],"replies":[{"embeddable":true,"href":"https:\/\/cdnoticias.com\/index.php\/wp-json\/wp\/v2\/comments?post=69727"}],"version-history":[{"count":0,"href":"https:\/\/cdnoticias.com\/index.php\/wp-json\/wp\/v2\/posts\/69727\/revisions"}],"wp:featuredmedia":[{"embeddable":true,"href":"https:\/\/cdnoticias.com\/index.php\/wp-json\/wp\/v2\/media\/41463"}],"wp:attachment":[{"href":"https:\/\/cdnoticias.com\/index.php\/wp-json\/wp\/v2\/media?parent=69727"}],"wp:term":[{"taxonomy":"category","embeddable":true,"href":"https:\/\/cdnoticias.com\/index.php\/wp-json\/wp\/v2\/categories?post=69727"},{"taxonomy":"post_tag","embeddable":true,"href":"https:\/\/cdnoticias.com\/index.php\/wp-json\/wp\/v2\/tags?post=69727"}],"curies":[{"name":"wp","href":"https:\/\/api.w.org\/{rel}","templated":true}]}}