{"id":6971,"date":"2020-11-22T09:20:20","date_gmt":"2020-11-22T12:20:20","guid":{"rendered":"http:\/\/www.centraldenoticias.com.ar\/?p=6971"},"modified":"2020-11-22T11:21:50","modified_gmt":"2020-11-22T14:21:50","slug":"un-ataque-con-un-rastrillo-un-juicio-por-jurados-y-un-testimonio-trasandino-por-videoconferencia","status":"publish","type":"post","link":"https:\/\/cdnoticias.com\/index.php\/2020\/11\/22\/un-ataque-con-un-rastrillo-un-juicio-por-jurados-y-un-testimonio-trasandino-por-videoconferencia\/","title":{"rendered":"Un ataque con un rastrillo, un juicio por jurados y un testimonio &#8220;trasandino&#8221; por videoconferencia"},"content":{"rendered":"<p>Los detalles detr\u00e1s de la captura de un hombre de 48 a\u00f1os, que se concret\u00f3 en la jornada del pasado jueves.<\/p>\n<p><!--more--><\/p>\n<hr \/>\n<p>En el mediod\u00eda del \u00faltimo jueves desde la Estaci\u00f3n de Polic\u00eda Departamental Olavarr\u00eda se inform\u00f3 que personal de la comisar\u00eda Primera, a pedido de un tribunal azule\u00f1o, hab\u00eda concretado<a href=\"https:\/\/cdnoticias.com\/index.php\/2020\/11\/19\/detienen-a-un-hombre-por-tentativa-de-homicidio\/\" target=\"_blank\" rel=\"noopener\"> la detenci\u00f3n de un hombre de 48 a\u00f1os<\/a>. <strong>\u201cHomicidio en grado de tentativa\u201d y \u201cresistencia a la autoridad\u201d<\/strong>, se a\u00f1adi\u00f3 con respecto a los delitos que se le atribuyen.<\/p>\n<p>&nbsp;<\/p>\n<p>En el detalle no se ahond\u00f3 mucho m\u00e1s, apenas la referencia que <strong>la captura se hab\u00eda \u00a0concretado en un domicilio ubicado sobre Sargento Cabral al 800<\/strong>, todo acompa\u00f1ado con la imagen del detenido de espaldas en el patio de la seccional policial ubicada sobre Belgrano a metros de Almirante Brown.<\/p>\n<p>&nbsp;<\/p>\n<p><img data-recalc-dims=\"1\" loading=\"lazy\" decoding=\"async\" class=\"alignnone size-full wp-image-6942\" src=\"https:\/\/i0.wp.com\/cdnoticias.com\/wp-content\/uploads\/2020\/11\/WhatsApp-Image-2020-11-19-at-12.57.45-1.jpeg?resize=800%2C516&#038;ssl=1\" alt=\"\" width=\"800\" height=\"516\" srcset=\"https:\/\/i0.wp.com\/cdnoticias.com\/wp-content\/uploads\/2020\/11\/WhatsApp-Image-2020-11-19-at-12.57.45-1.jpeg?w=834&amp;ssl=1 834w, https:\/\/i0.wp.com\/cdnoticias.com\/wp-content\/uploads\/2020\/11\/WhatsApp-Image-2020-11-19-at-12.57.45-1.jpeg?resize=300%2C194&amp;ssl=1 300w, https:\/\/i0.wp.com\/cdnoticias.com\/wp-content\/uploads\/2020\/11\/WhatsApp-Image-2020-11-19-at-12.57.45-1.jpeg?resize=768%2C495&amp;ssl=1 768w\" sizes=\"auto, (max-width: 800px) 100vw, 800px\" \/><\/p>\n<p>&nbsp;<\/p>\n<p>Sin embargo<em><strong> Central de Noticias<\/strong><\/em> dialog\u00f3 con distintas fuentes y as\u00ed pudo conocer mayores detalles acerca de cu\u00e1l fue el hecho que se le imputa y, m\u00e1s aun, el juicio en el que fue hallado \u201cculpable\u201d. La colocaci\u00f3n de las comillas responde a que ese fue el <strong>veredicto al que arrib\u00f3 un jurado de civiles arrib\u00f3 a fines de julio del 2017<\/strong>.<\/p>\n<p>&nbsp;<\/p>\n<p>Sin dudas uno de los puntos caracter\u00edsticos del caso es que hay que viajar algo m\u00e1s de un lustro para llegar a los hechos. <strong>Fue a fines de octubre del 2014 cuando un hombre fue atacado en su domicilio del barrio Coronel Dorrego<\/strong>. Seg\u00fan las cr\u00f3nicas de aquel entonces, tanto del caso como del posterior debate oral, dan cuenta que <strong>tres personas se habr\u00edan visto implicadas, lo concreto es que quienes llegaron a juicio en calidad de imputados ser\u00edan Carlos Gustavo Cotela y su pareja, pero s\u00f3lo el hombre resultar\u00eda condenado, ya que la mujer fue considerada \u201cno culpable\u201d por el jurado<\/strong>. Vale destacar que el delito que se le endilgaba era el de \u201cresistencia a la autoridad\u201d.<\/p>\n<p>&nbsp;<\/p>\n<p>Distinta fue la suerte de Cotela, sobre quien los civiles entendieron que efectivamente<strong> quiso terminar con la vida de la v\u00edctima, adem\u00e1s de situarlo como quien dio inicio a las agresiones, en las cuales habr\u00eda utilizado el palo de un rastrillo, seg\u00fan logr\u00f3 acreditar la querella encabezada por la fiscal Viviana Beyt\u00eda.<\/strong><\/p>\n<p>&nbsp;<\/p>\n<p><img data-recalc-dims=\"1\" loading=\"lazy\" decoding=\"async\" class=\"alignnone size-large wp-image-1880\" src=\"https:\/\/i0.wp.com\/cdnoticias.com\/wp-content\/uploads\/2020\/09\/WhatsApp-Image-2020-08-31-at-16.11.41-2.jpeg?resize=800%2C600&#038;ssl=1\" alt=\"\" width=\"800\" height=\"600\" srcset=\"https:\/\/i0.wp.com\/cdnoticias.com\/wp-content\/uploads\/2020\/09\/WhatsApp-Image-2020-08-31-at-16.11.41-2.jpeg?resize=1024%2C768&amp;ssl=1 1024w, https:\/\/i0.wp.com\/cdnoticias.com\/wp-content\/uploads\/2020\/09\/WhatsApp-Image-2020-08-31-at-16.11.41-2.jpeg?resize=300%2C225&amp;ssl=1 300w, https:\/\/i0.wp.com\/cdnoticias.com\/wp-content\/uploads\/2020\/09\/WhatsApp-Image-2020-08-31-at-16.11.41-2.jpeg?resize=768%2C576&amp;ssl=1 768w, https:\/\/i0.wp.com\/cdnoticias.com\/wp-content\/uploads\/2020\/09\/WhatsApp-Image-2020-08-31-at-16.11.41-2.jpeg?w=1280&amp;ssl=1 1280w\" sizes=\"auto, (max-width: 800px) 100vw, 800px\" \/><\/p>\n<p>&nbsp;<\/p>\n<p>Otra de las situaciones particulares del proceso judicial es que <strong>el acusado declar\u00f3 por videoconferencia desde Chile, pa\u00eds al que se hab\u00eda ido a vivir tiempo antes<\/strong>. La comunicaci\u00f3n fue m\u00e1s precisamente con el Ministerio P\u00fablico de la ciudad de Reten Niebla, en tareas conjuntas que permitieron llevar adelante <strong>una declaraci\u00f3n de condiciones pr\u00e1cticamente in\u00e9ditas.<\/strong><\/p>\n<p>&nbsp;<\/p>\n<p>La defensa del acusado fue llevada a cabo por el doctor Mart\u00edn Marcelli, quien <strong>hab\u00eda pedido el cambio en la figura de las actuaciones, m\u00e1s bien que sean tipificadas como lesiones y que su cliente nunca busc\u00f3 terminar con la vida de la v\u00edctima, algo que no fue acompa\u00f1ado por el jurado.<\/strong><\/p>\n<p>&nbsp;<\/p>\n<p>Al momento de dictar pena, <strong>el juez Carlos Paulino Pagliere decidi\u00f3 la aplicaci\u00f3n de una pena de 4 a\u00f1os y 8 meses, situaci\u00f3n que luego ser\u00eda recurrida desde la defensa del acusado<\/strong>. Ahora la novedad est\u00e1 dada en que la condena ha cobrado firmeza y, a partir de all\u00ed, la orden de captura emitida por el Tribunal Oral en lo Criminal N\u00b02, del cual Pagliere supo ser parte tiempo atr\u00e1s, ya que actualmente integra la C\u00e1mara de Apelaciones y Garant\u00edas del Departamento Judicial de Azul.<\/p>\n","protected":false},"excerpt":{"rendered":"<p>Los detalles detr\u00e1s de la captura de un hombre de 48 a\u00f1os, que se concret\u00f3 en la jornada del pasado<\/p>\n","protected":false},"author":3,"featured_media":3058,"comment_status":"closed","ping_status":"closed","sticky":false,"template":"","format":"standard","meta":{"_jetpack_memberships_contains_paid_content":false,"footnotes":""},"categories":[5,14,1],"tags":[],"class_list":["post-6971","post","type-post","status-publish","format-standard","has-post-thumbnail","hentry","category-informacion-general","category-policiales","category-portada"],"jetpack_featured_media_url":"https:\/\/i0.wp.com\/cdnoticias.com\/wp-content\/uploads\/2020\/10\/28022016_07_poder-e1601676895152.jpg?fit=526%2C335&ssl=1","jetpack_sharing_enabled":true,"_links":{"self":[{"href":"https:\/\/cdnoticias.com\/index.php\/wp-json\/wp\/v2\/posts\/6971","targetHints":{"allow":["GET"]}}],"collection":[{"href":"https:\/\/cdnoticias.com\/index.php\/wp-json\/wp\/v2\/posts"}],"about":[{"href":"https:\/\/cdnoticias.com\/index.php\/wp-json\/wp\/v2\/types\/post"}],"author":[{"embeddable":true,"href":"https:\/\/cdnoticias.com\/index.php\/wp-json\/wp\/v2\/users\/3"}],"replies":[{"embeddable":true,"href":"https:\/\/cdnoticias.com\/index.php\/wp-json\/wp\/v2\/comments?post=6971"}],"version-history":[{"count":0,"href":"https:\/\/cdnoticias.com\/index.php\/wp-json\/wp\/v2\/posts\/6971\/revisions"}],"wp:featuredmedia":[{"embeddable":true,"href":"https:\/\/cdnoticias.com\/index.php\/wp-json\/wp\/v2\/media\/3058"}],"wp:attachment":[{"href":"https:\/\/cdnoticias.com\/index.php\/wp-json\/wp\/v2\/media?parent=6971"}],"wp:term":[{"taxonomy":"category","embeddable":true,"href":"https:\/\/cdnoticias.com\/index.php\/wp-json\/wp\/v2\/categories?post=6971"},{"taxonomy":"post_tag","embeddable":true,"href":"https:\/\/cdnoticias.com\/index.php\/wp-json\/wp\/v2\/tags?post=6971"}],"curies":[{"name":"wp","href":"https:\/\/api.w.org\/{rel}","templated":true}]}}