{"id":69682,"date":"2022-11-10T20:20:39","date_gmt":"2022-11-10T23:20:39","guid":{"rendered":"https:\/\/www.centraldenoticias.com.ar\/?p=69682"},"modified":"2022-11-10T21:03:28","modified_gmt":"2022-11-11T00:03:28","slug":"hallazgo-de-cocaina-el-aprehendido-sera-indagado-y-encontraron-mas-elementos","status":"publish","type":"post","link":"https:\/\/cdnoticias.com\/index.php\/2022\/11\/10\/hallazgo-de-cocaina-el-aprehendido-sera-indagado-y-encontraron-mas-elementos\/","title":{"rendered":"Hallazgo de coca\u00edna: el aprehendido ser\u00e1 indagado y encontraron m\u00e1s elementos"},"content":{"rendered":"<p>Se confirm\u00f3 el secuestro de m\u00e1s de 100 mil pesos en efectivo. El acusado ser\u00e1 llamado a declarar este viernes. <!--more--><\/p>\n<hr \/>\n<p>Tras el <a href=\"https:\/\/cdnoticias.com\/index.php\/2022\/11\/10\/mas-de-700-gramos-de-cocaina-secuestrados-en-un-allanamiento-en-villa-aurora\/\" target=\"_blank\" rel=\"noopener\">importante hallazgo de m\u00e1s de medio kilo de coca\u00edna en barrio Villa Aurora<\/a>, se conocieron algunos <strong>detalles y la confirmaci\u00f3n de que el acusado comparecer\u00e1 ante el fiscal de la causa, el doctor Lucas Moyano, en las primeras horas del viernes.<\/strong><\/p>\n<p>&nbsp;<\/p>\n<p>Seg\u00fan se logr\u00f3 saber,<strong> lograron precisar en m\u00e1s de 100 mil pesos la cifra encontrada en el allanamiento en Las Orqu\u00eddeas al 2400.<\/strong> Adem\u00e1s, se ratific\u00f3 el hallazgo de una balanza, gomitas para el supuesto fraccionamiento, elementos que para el fiscal Moyano configuraron un delito vinculado a la venta de estupefacientes.<\/p>\n<p>&nbsp;<\/p>\n<p><img data-recalc-dims=\"1\" loading=\"lazy\" decoding=\"async\" class=\"alignnone size-large wp-image-69631\" src=\"https:\/\/i0.wp.com\/cdnoticias.com\/wp-content\/uploads\/2022\/11\/allanamiento-lasorquideas-03.jpg?resize=800%2C480&#038;ssl=1\" alt=\"\" width=\"800\" height=\"480\" srcset=\"https:\/\/i0.wp.com\/cdnoticias.com\/wp-content\/uploads\/2022\/11\/allanamiento-lasorquideas-03-scaled.jpg?resize=1024%2C614&amp;ssl=1 1024w, https:\/\/i0.wp.com\/cdnoticias.com\/wp-content\/uploads\/2022\/11\/allanamiento-lasorquideas-03-scaled.jpg?resize=300%2C180&amp;ssl=1 300w, https:\/\/i0.wp.com\/cdnoticias.com\/wp-content\/uploads\/2022\/11\/allanamiento-lasorquideas-03-scaled.jpg?resize=768%2C461&amp;ssl=1 768w, https:\/\/i0.wp.com\/cdnoticias.com\/wp-content\/uploads\/2022\/11\/allanamiento-lasorquideas-03-scaled.jpg?resize=1536%2C922&amp;ssl=1 1536w, https:\/\/i0.wp.com\/cdnoticias.com\/wp-content\/uploads\/2022\/11\/allanamiento-lasorquideas-03-scaled.jpg?resize=2048%2C1229&amp;ssl=1 2048w, https:\/\/i0.wp.com\/cdnoticias.com\/wp-content\/uploads\/2022\/11\/allanamiento-lasorquideas-03-scaled.jpg?w=1600&amp;ssl=1 1600w, https:\/\/i0.wp.com\/cdnoticias.com\/wp-content\/uploads\/2022\/11\/allanamiento-lasorquideas-03-scaled.jpg?w=2400&amp;ssl=1 2400w\" sizes=\"auto, (max-width: 800px) 100vw, 800px\" \/><\/p>\n<p>&nbsp;<\/p>\n<blockquote><p>De esta forma, el acusado -morador de la vivienda allanada- estar\u00e1 en audiencia indagatoria (en los t\u00e9rminos del art\u00edculo 308 del C\u00f3digo Procesal Penal) el viernes.<\/p><\/blockquote>\n<p>&nbsp;<\/p>\n<p>Adem\u00e1s, la locaci\u00f3n donde fue encontrada la droga ser\u00e1 clave en torno a la acusaci\u00f3n que recibir\u00e1 el imputado:<strong> el lugar es a metros de la Escuela Agropecuaria, una instituci\u00f3n educativa, que complicar\u00eda a\u00fan m\u00e1s la situaci\u00f3n procesal del acusado.<\/strong><\/p>\n<p>&nbsp;<\/p>\n<p>Cabe recordar que el operativo fue realizado en la ma\u00f1ana de este jueves por personal de la comisar\u00eda Segunda, Polic\u00eda Cient\u00edfica, SubDDI, Delegaci\u00f3n de Drogas Il\u00edcitas y Narcotr\u00e1fico y Polic\u00eda Federal con el Can. Tambi\u00e9n se hizo presente, el Jefe de la Estaci\u00f3n Departamental de Polic\u00eda Comisario Inspector Roberto Landoni.<\/p>\n","protected":false},"excerpt":{"rendered":"<p>Se confirm\u00f3 el secuestro de m\u00e1s de 100 mil pesos en efectivo. El acusado ser\u00e1 llamado a declarar este viernes.<\/p>\n","protected":false},"author":2,"featured_media":69630,"comment_status":"closed","ping_status":"closed","sticky":false,"template":"","format":"standard","meta":{"_jetpack_memberships_contains_paid_content":false,"footnotes":""},"categories":[14,1],"tags":[],"class_list":["post-69682","post","type-post","status-publish","format-standard","has-post-thumbnail","hentry","category-policiales","category-portada"],"jetpack_featured_media_url":"https:\/\/i0.wp.com\/cdnoticias.com\/wp-content\/uploads\/2022\/11\/allanamiento-lasorquideas-02-scaled.jpg?fit=2560%2C1536&ssl=1","jetpack_sharing_enabled":true,"_links":{"self":[{"href":"https:\/\/cdnoticias.com\/index.php\/wp-json\/wp\/v2\/posts\/69682","targetHints":{"allow":["GET"]}}],"collection":[{"href":"https:\/\/cdnoticias.com\/index.php\/wp-json\/wp\/v2\/posts"}],"about":[{"href":"https:\/\/cdnoticias.com\/index.php\/wp-json\/wp\/v2\/types\/post"}],"author":[{"embeddable":true,"href":"https:\/\/cdnoticias.com\/index.php\/wp-json\/wp\/v2\/users\/2"}],"replies":[{"embeddable":true,"href":"https:\/\/cdnoticias.com\/index.php\/wp-json\/wp\/v2\/comments?post=69682"}],"version-history":[{"count":0,"href":"https:\/\/cdnoticias.com\/index.php\/wp-json\/wp\/v2\/posts\/69682\/revisions"}],"wp:featuredmedia":[{"embeddable":true,"href":"https:\/\/cdnoticias.com\/index.php\/wp-json\/wp\/v2\/media\/69630"}],"wp:attachment":[{"href":"https:\/\/cdnoticias.com\/index.php\/wp-json\/wp\/v2\/media?parent=69682"}],"wp:term":[{"taxonomy":"category","embeddable":true,"href":"https:\/\/cdnoticias.com\/index.php\/wp-json\/wp\/v2\/categories?post=69682"},{"taxonomy":"post_tag","embeddable":true,"href":"https:\/\/cdnoticias.com\/index.php\/wp-json\/wp\/v2\/tags?post=69682"}],"curies":[{"name":"wp","href":"https:\/\/api.w.org\/{rel}","templated":true}]}}