{"id":69681,"date":"2022-11-10T21:03:11","date_gmt":"2022-11-11T00:03:11","guid":{"rendered":"https:\/\/www.centraldenoticias.com.ar\/?p=69681"},"modified":"2022-11-11T08:30:59","modified_gmt":"2022-11-11T11:30:59","slug":"creemos-que-tiene-que-estar-la-sociedad-entera-acompanando-para-lograr-una-transformacion-real","status":"publish","type":"post","link":"https:\/\/cdnoticias.com\/index.php\/2022\/11\/10\/creemos-que-tiene-que-estar-la-sociedad-entera-acompanando-para-lograr-una-transformacion-real\/","title":{"rendered":"&#8220;Creemos que tiene que estar la sociedad entera acompa\u00f1ando para lograr una transformaci\u00f3n real&#8221;"},"content":{"rendered":"<p>As\u00ed lo remarco Alex Herrera del frente Diversia de la C\u00e1mpora en el marco de la pr\u00f3xima Marcha del Orgullo 2022 que ser\u00e1 el 17 de diciembre. Las luchas, los reclamos y la situaci\u00f3n de las diversidades en la ciudad.<!--more--><\/p>\n<hr \/>\n<p>En la tarde de este jueves se reuni\u00f3 la comisi\u00f3n organizadora de la pr\u00f3xima <strong>Marcha del Orgullo<\/strong> que, confirmaron, ser\u00e1 el pr\u00f3ximo <strong>17 de diciembre en la ciudad de Olavarr\u00eda.<\/strong><\/p>\n<p>&nbsp;<\/p>\n<p>Participaron del encuentro la activista y militante <strong>Madame L\u00fa<\/strong>, \u00a0<strong>Casandra Mu\u00f1oz del Campo<\/strong> de Socorristas, \u00a0<strong>Alex Herrera<\/strong> del frente Diversia de la C\u00e1mpora, <strong>Magali P\u00e9rez<\/strong> de Nuestram\u00e9rica y <strong>Lola Lecay<\/strong>, activista independiente.<\/p>\n<p>&nbsp;<\/p>\n<p>La<strong> Marcha del Orgullo se realiza desde el 2015 y esta ser\u00e1 la novena edici\u00f3n<\/strong>. &#8220;En Olavarr\u00eda ya tenemos<strong> a\u00f1os de colectivo organizado de disidencia desde 2009<\/strong>. En esta comisi\u00f3n estamos desde 2018 y la marcha que vamos a lanzar tiene una impronta de poder recoger la genealog\u00eda del hacer, del laburo y de la militancia que <strong>han hecho diferentes activistas de Olavarr\u00eda&#8221;<\/strong> explic\u00f3 Herrera.<\/p>\n<p>&nbsp;<\/p>\n<blockquote><p>&#8220;En 2009 ni siquiera ten\u00edamos Ley de Matrimonio Igualitario, ni documento no binario, ni Ley de Identidad de G\u00e9nero.<strong> Si bien no estamos en esa situaci\u00f3n hoy, en 2022, seguimos pidiendo derechos b\u00e1sicos&#8221;<\/strong> agreg\u00f3.<\/p><\/blockquote>\n<p>&nbsp;<\/p>\n<p>Por otra parte, Herrera cont\u00f3 que &#8220;el objetivo que tiene la Marcha del Orgullo es <strong>primero que nada salir a las calles orgullosas, porque nosotres siempre tenemos la visi\u00f3n de que al odio le respondemos con orgullo, con alegr\u00eda, y ha sido la forma hist\u00f3rica que ha encontrado nuestro colectivo para pedir por nuestros derechos.\u00a0<\/strong>Con tanta negaci\u00f3n de derechos, travesticidios y transfemicidios quiz\u00e1s deber\u00edamos marchar de luto. Pero elegimos no hacerlo por nuestras compa\u00f1eras que ya no est\u00e1n, porque sin dudas elles estar\u00edan bailando en la calle y mostrando lo que muchas veces reprimimos&#8221;.<\/p>\n<p>&nbsp;<\/p>\n<p><img data-recalc-dims=\"1\" loading=\"lazy\" decoding=\"async\" class=\"alignnone size-full wp-image-69695\" src=\"https:\/\/i0.wp.com\/cdnoticias.com\/wp-content\/uploads\/2022\/11\/marcha-orgullo5-scaled.jpg?resize=800%2C480&#038;ssl=1\" alt=\"\" width=\"800\" height=\"480\" srcset=\"https:\/\/i0.wp.com\/cdnoticias.com\/wp-content\/uploads\/2022\/11\/marcha-orgullo5-scaled.jpg?w=2560&amp;ssl=1 2560w, https:\/\/i0.wp.com\/cdnoticias.com\/wp-content\/uploads\/2022\/11\/marcha-orgullo5-scaled.jpg?resize=300%2C180&amp;ssl=1 300w, https:\/\/i0.wp.com\/cdnoticias.com\/wp-content\/uploads\/2022\/11\/marcha-orgullo5-scaled.jpg?resize=1024%2C615&amp;ssl=1 1024w, https:\/\/i0.wp.com\/cdnoticias.com\/wp-content\/uploads\/2022\/11\/marcha-orgullo5-scaled.jpg?resize=768%2C461&amp;ssl=1 768w, https:\/\/i0.wp.com\/cdnoticias.com\/wp-content\/uploads\/2022\/11\/marcha-orgullo5-scaled.jpg?resize=1536%2C922&amp;ssl=1 1536w, https:\/\/i0.wp.com\/cdnoticias.com\/wp-content\/uploads\/2022\/11\/marcha-orgullo5-scaled.jpg?resize=2048%2C1229&amp;ssl=1 2048w, https:\/\/i0.wp.com\/cdnoticias.com\/wp-content\/uploads\/2022\/11\/marcha-orgullo5-scaled.jpg?w=1600&amp;ssl=1 1600w, https:\/\/i0.wp.com\/cdnoticias.com\/wp-content\/uploads\/2022\/11\/marcha-orgullo5-scaled.jpg?w=2400&amp;ssl=1 2400w\" sizes=\"auto, (max-width: 800px) 100vw, 800px\" \/><\/p>\n<p>&nbsp;<\/p>\n<p>Sobre las consignas de la pr\u00f3xima marcha remarcaron: <strong>&#8220;basta de discursos de odio, derechos sexuales para las y los trabajadores sexuales, despenalizaci\u00f3n del cannabis y que el consumo sea libre en todos sus usos, implementaci\u00f3n efectiva de ESI con perspectiva de g\u00e9nero y diversidad en todas las escuelas<\/strong> entre otras&#8221;.<\/p>\n<p>&nbsp;<\/p>\n<p>En relaci\u00f3n a los discursos de odio, Herrera remarc\u00f3 que &#8220;<strong>sabemos que no solo est\u00e1n en cuestiones de diversidad si no en cuestiones generales<\/strong>. Viviendo ya much\u00edsimos a\u00f1os de democracia se siguen perpetuando cr\u00edmenes y discursos de odio que no pueden seguir sucediendo. <strong>Estamos ante estado de alerta porque m\u00e1s all\u00e1 de los derechos ganados, a la vuelta de la esquina est\u00e1n los retr\u00f3grados, los fachos, que vienen a quitarnos derechos y lo dicen en p\u00fablico ya sea candidatos pol\u00edticos, personalidades, o periodistas&#8221;.<\/strong><\/p>\n<p>&nbsp;<\/p>\n<p>&#8220;Tambi\u00e9n <strong>vamos a reclamar por el cupo laboral travesti trans, el reclamo de la salud para el consultorio inclusivo y hacer mucho hincapi\u00e9 en las infancias libres<\/strong> que nos preocupa mucho ese futuro&#8221; agreg\u00f3 <strong>Madame L\u00fa.<\/strong><\/p>\n<p>&nbsp;<\/p>\n<p>Adem\u00e1s, <strong>Casandra Mu\u00f1oz<\/strong> record\u00f3 que <strong>ma\u00f1ana 11 de noviembre se cumplen 20 meses de la desaparici\u00f3n de Tehuel de la Torre<\/strong>. <em><strong>&#8220;Nos parece important\u00edsimo exigir la aparici\u00f3n con vida porque no podemos seguir permitiendo que nos sigan faltando compa\u00f1eres, compa\u00f1eros y compa\u00f1eras&#8221;.<\/strong><\/em><\/p>\n<p>&nbsp;<\/p>\n<p><img data-recalc-dims=\"1\" loading=\"lazy\" decoding=\"async\" class=\"alignnone size-full wp-image-69693\" src=\"https:\/\/i0.wp.com\/cdnoticias.com\/wp-content\/uploads\/2022\/11\/marcha-orgullo3-scaled.jpg?resize=800%2C480&#038;ssl=1\" alt=\"\" width=\"800\" height=\"480\" srcset=\"https:\/\/i0.wp.com\/cdnoticias.com\/wp-content\/uploads\/2022\/11\/marcha-orgullo3-scaled.jpg?w=2560&amp;ssl=1 2560w, https:\/\/i0.wp.com\/cdnoticias.com\/wp-content\/uploads\/2022\/11\/marcha-orgullo3-scaled.jpg?resize=300%2C180&amp;ssl=1 300w, https:\/\/i0.wp.com\/cdnoticias.com\/wp-content\/uploads\/2022\/11\/marcha-orgullo3-scaled.jpg?resize=1024%2C614&amp;ssl=1 1024w, https:\/\/i0.wp.com\/cdnoticias.com\/wp-content\/uploads\/2022\/11\/marcha-orgullo3-scaled.jpg?resize=768%2C461&amp;ssl=1 768w, https:\/\/i0.wp.com\/cdnoticias.com\/wp-content\/uploads\/2022\/11\/marcha-orgullo3-scaled.jpg?resize=1536%2C921&amp;ssl=1 1536w, https:\/\/i0.wp.com\/cdnoticias.com\/wp-content\/uploads\/2022\/11\/marcha-orgullo3-scaled.jpg?resize=2048%2C1228&amp;ssl=1 2048w, https:\/\/i0.wp.com\/cdnoticias.com\/wp-content\/uploads\/2022\/11\/marcha-orgullo3-scaled.jpg?w=1600&amp;ssl=1 1600w, https:\/\/i0.wp.com\/cdnoticias.com\/wp-content\/uploads\/2022\/11\/marcha-orgullo3-scaled.jpg?w=2400&amp;ssl=1 2400w\" sizes=\"auto, (max-width: 800px) 100vw, 800px\" \/><\/p>\n<p>&nbsp;<\/p>\n<p>La marcha ser\u00e1 el <strong>17 de diciembre a partir de las 15:00 horas<\/strong> y se concentrar\u00e1n en Belgrano y Brown. Habr\u00e1 feriantes, artistas, radio abierta, musicalizaci\u00f3n, testeos de VIH, consultorio inclusivo, Ministerio de las Mujeres, Regi\u00f3n Sanitaria, Socorristas y el cierre junto a un festival sorpresa.<\/p>\n<p>&nbsp;<\/p>\n<p>Asimismo, participar\u00e1n de la marcha artistas locales como <strong>Visibilidrag y Madame L\u00fa<\/strong> y llegar\u00e1n desde Azul, Tandil, Rauch, Ayacucho, Bol\u00edvar, La Madrid, Laprida que tambi\u00e9n formar\u00e1n parte del cronograma art\u00edstico.<\/p>\n<p>&nbsp;<\/p>\n<p><strong>Reclamos hacia el Municipio<\/strong><\/p>\n<p>&nbsp;<\/p>\n<p>&#8220;Es importante destacar que es la<strong> novena vez que la comunidad olavarriense disidente sale a las calles a pedir derechos b\u00e1sicos<\/strong> como por ejemplo el trabajo para las personas trans y acceso a la salud para todes. <strong>Sabemos que tenemos un sistema p\u00fablico de salud que excluye y discrimina, por eso muchas compa\u00f1eras no se acercan a \u00e9l<\/strong>&#8221; cont\u00f3 Herrera.<\/p>\n<p>&nbsp;<\/p>\n<p>&#8220;En Olavarr\u00eda<strong> tenemos un consultorio inclusivo que funciona desde el 2015.<\/strong> Nosotros lo tomamos como un avance, una semilla para poder atender y adaptarse a las realidades integrales de nuestras compa\u00f1eras. En ese sentido<em><strong> nuestro consultorio inclusivo ha sido vaciado en plena pandemia por el Intendente local que tenemos.<\/strong> <\/em><strong><em>Actualmente cuenta con recursos humanos m\u00ednimos para funcionar y estamos pidiendo personal para el consultorio inclusivo<\/em>.<\/strong> Necesitamos psic\u00f3logos y que las hormonas lleguen a las personas trans que est\u00e1n haciendo sus tratamientos&#8221; remarc\u00f3.<\/p>\n<p>&nbsp;<\/p>\n<p>Sobre el cupo laboral travesti trans, Herrera dijo que &#8220;<em>hemos logrado con una lucha de dos a\u00f1os la aprobaci\u00f3n de una<strong> ordenanza de cupo laboral trans travesti local que al d\u00eda de hoy no se cumple<\/strong>. El municipio public\u00f3 que hab\u00eda contratado a una persona que ya no est\u00e1 trabajando y en el momento que lo hizo trabaj\u00f3 de modo precario, no tuvo el acompa\u00f1amiento necesario y su espacio de trabajo tampoco fue del todo respetuoso con su identidad&#8221;.<\/em><\/p>\n<p>&nbsp;<\/p>\n<p><img data-recalc-dims=\"1\" loading=\"lazy\" decoding=\"async\" class=\"alignnone size-full wp-image-69692\" src=\"https:\/\/i0.wp.com\/cdnoticias.com\/wp-content\/uploads\/2022\/11\/marcha-orgullo2-scaled.jpg?resize=800%2C480&#038;ssl=1\" alt=\"\" width=\"800\" height=\"480\" srcset=\"https:\/\/i0.wp.com\/cdnoticias.com\/wp-content\/uploads\/2022\/11\/marcha-orgullo2-scaled.jpg?w=2560&amp;ssl=1 2560w, https:\/\/i0.wp.com\/cdnoticias.com\/wp-content\/uploads\/2022\/11\/marcha-orgullo2-scaled.jpg?resize=300%2C180&amp;ssl=1 300w, https:\/\/i0.wp.com\/cdnoticias.com\/wp-content\/uploads\/2022\/11\/marcha-orgullo2-scaled.jpg?resize=1024%2C614&amp;ssl=1 1024w, https:\/\/i0.wp.com\/cdnoticias.com\/wp-content\/uploads\/2022\/11\/marcha-orgullo2-scaled.jpg?resize=768%2C461&amp;ssl=1 768w, https:\/\/i0.wp.com\/cdnoticias.com\/wp-content\/uploads\/2022\/11\/marcha-orgullo2-scaled.jpg?resize=1536%2C921&amp;ssl=1 1536w, https:\/\/i0.wp.com\/cdnoticias.com\/wp-content\/uploads\/2022\/11\/marcha-orgullo2-scaled.jpg?resize=2048%2C1228&amp;ssl=1 2048w, https:\/\/i0.wp.com\/cdnoticias.com\/wp-content\/uploads\/2022\/11\/marcha-orgullo2-scaled.jpg?w=1600&amp;ssl=1 1600w, https:\/\/i0.wp.com\/cdnoticias.com\/wp-content\/uploads\/2022\/11\/marcha-orgullo2-scaled.jpg?w=2400&amp;ssl=1 2400w\" sizes=\"auto, (max-width: 800px) 100vw, 800px\" \/><\/p>\n<p>&nbsp;<\/p>\n<p>Herrera pidi\u00f3 al Ejecutivo Municipal &#8220;que<strong> implementen de una vez por todas el cupo laboral trans travesti. <\/strong>Tenemos personas que se han anotado en un registro municipal que se creo en la oficina de empleo y est\u00e1n esperando ser contratadas&#8221; y agreg\u00f3 que &#8220;necesitamos que tanto el Municipio de Olavarr\u00eda, Ejecutivo, Direcci\u00f3n de Pol\u00edticas de G\u00e9nero y consultorio inclusivo trabajen en red&#8221;.<\/p>\n<p>&nbsp;<\/p>\n<p>&#8220;El esp\u00edritu de la marcha es autogestivo. Si hay aportes de instituciones o del estado mismo no creemos que sea una ayuda si no una obligaci\u00f3n que tienen por <strong>tanta negaci\u00f3n de derechos.<\/strong> Sobre todo por tanto destrato (hablando del Estado Municipal) que <strong>nos ha vetado el articulado casi entero de la ordenanza cupo laboral trans travesti, que nos cierran las puertas y que no nos terminan de escuchar<\/strong>&#8221; subray\u00f3 Herrera.<\/p>\n<p>&nbsp;<\/p>\n<p>Hacia el final, Lola Lecay agradeci\u00f3 a los\u00a0medios de comunicaci\u00f3n presentes &#8220;porque <strong>nos asegura visibilidad y protecci\u00f3n.<\/strong> Hemos tenido la mala intenci\u00f3n de gente que no quiere comprender nuestros reclamos y <strong>hemos recibido agresiones f\u00edsicas por lo cual este a\u00f1o vamos a estar muy atentos.<\/strong> Queremos el disfrute de todes&#8221;.<\/p>\n<p>&nbsp;<\/p>\n<blockquote><p>&#8220;Convocamos a toda la sociedad olavarriense a acompa\u00f1ar esta marcha. Respetamos que los espacios de voz sean disidencias, pero creemos que tiene que estar la sociedad entera acompa\u00f1ado para lograr una transformaci\u00f3n real y que podamos adquirir derechos y que se respeten nuestras identidades y orientaciones sexuales&#8221; cerr\u00f3 Herrera.<\/p><\/blockquote>\n<p>&nbsp;<\/p>\n<p>&nbsp;<\/p>\n<p><img data-recalc-dims=\"1\" loading=\"lazy\" decoding=\"async\" class=\"alignnone size-full wp-image-69691\" src=\"https:\/\/i0.wp.com\/cdnoticias.com\/wp-content\/uploads\/2022\/11\/marcha-orgullo1-scaled.jpg?resize=800%2C480&#038;ssl=1\" alt=\"\" width=\"800\" height=\"480\" srcset=\"https:\/\/i0.wp.com\/cdnoticias.com\/wp-content\/uploads\/2022\/11\/marcha-orgullo1-scaled.jpg?w=2560&amp;ssl=1 2560w, https:\/\/i0.wp.com\/cdnoticias.com\/wp-content\/uploads\/2022\/11\/marcha-orgullo1-scaled.jpg?resize=300%2C180&amp;ssl=1 300w, https:\/\/i0.wp.com\/cdnoticias.com\/wp-content\/uploads\/2022\/11\/marcha-orgullo1-scaled.jpg?resize=1024%2C614&amp;ssl=1 1024w, https:\/\/i0.wp.com\/cdnoticias.com\/wp-content\/uploads\/2022\/11\/marcha-orgullo1-scaled.jpg?resize=768%2C461&amp;ssl=1 768w, https:\/\/i0.wp.com\/cdnoticias.com\/wp-content\/uploads\/2022\/11\/marcha-orgullo1-scaled.jpg?resize=1536%2C921&amp;ssl=1 1536w, https:\/\/i0.wp.com\/cdnoticias.com\/wp-content\/uploads\/2022\/11\/marcha-orgullo1-scaled.jpg?resize=2048%2C1228&amp;ssl=1 2048w, https:\/\/i0.wp.com\/cdnoticias.com\/wp-content\/uploads\/2022\/11\/marcha-orgullo1-scaled.jpg?w=1600&amp;ssl=1 1600w, https:\/\/i0.wp.com\/cdnoticias.com\/wp-content\/uploads\/2022\/11\/marcha-orgullo1-scaled.jpg?w=2400&amp;ssl=1 2400w\" sizes=\"auto, (max-width: 800px) 100vw, 800px\" \/><\/p>\n<p>&nbsp;<\/p>\n<p>&nbsp;<\/p>\n<p>&nbsp;<\/p>\n<p>&nbsp;<\/p>\n<p>&nbsp;<\/p>\n<p>&nbsp;<\/p>\n<p>&nbsp;<\/p>\n<p>&nbsp;<\/p>\n<p>&nbsp;<\/p>\n","protected":false},"excerpt":{"rendered":"<p>As\u00ed lo remarco Alex Herrera del frente Diversia de la C\u00e1mpora en el marco de la pr\u00f3xima Marcha del Orgullo<\/p>\n","protected":false},"author":6,"featured_media":69694,"comment_status":"closed","ping_status":"closed","sticky":false,"template":"","format":"standard","meta":{"_jetpack_memberships_contains_paid_content":false,"footnotes":""},"categories":[3,1],"tags":[],"class_list":["post-69681","post","type-post","status-publish","format-standard","has-post-thumbnail","hentry","category-genero","category-portada"],"jetpack_featured_media_url":"https:\/\/i0.wp.com\/cdnoticias.com\/wp-content\/uploads\/2022\/11\/marcha-orgullo4-scaled.jpg?fit=2560%2C1536&ssl=1","jetpack_sharing_enabled":true,"_links":{"self":[{"href":"https:\/\/cdnoticias.com\/index.php\/wp-json\/wp\/v2\/posts\/69681","targetHints":{"allow":["GET"]}}],"collection":[{"href":"https:\/\/cdnoticias.com\/index.php\/wp-json\/wp\/v2\/posts"}],"about":[{"href":"https:\/\/cdnoticias.com\/index.php\/wp-json\/wp\/v2\/types\/post"}],"author":[{"embeddable":true,"href":"https:\/\/cdnoticias.com\/index.php\/wp-json\/wp\/v2\/users\/6"}],"replies":[{"embeddable":true,"href":"https:\/\/cdnoticias.com\/index.php\/wp-json\/wp\/v2\/comments?post=69681"}],"version-history":[{"count":0,"href":"https:\/\/cdnoticias.com\/index.php\/wp-json\/wp\/v2\/posts\/69681\/revisions"}],"wp:featuredmedia":[{"embeddable":true,"href":"https:\/\/cdnoticias.com\/index.php\/wp-json\/wp\/v2\/media\/69694"}],"wp:attachment":[{"href":"https:\/\/cdnoticias.com\/index.php\/wp-json\/wp\/v2\/media?parent=69681"}],"wp:term":[{"taxonomy":"category","embeddable":true,"href":"https:\/\/cdnoticias.com\/index.php\/wp-json\/wp\/v2\/categories?post=69681"},{"taxonomy":"post_tag","embeddable":true,"href":"https:\/\/cdnoticias.com\/index.php\/wp-json\/wp\/v2\/tags?post=69681"}],"curies":[{"name":"wp","href":"https:\/\/api.w.org\/{rel}","templated":true}]}}