{"id":69675,"date":"2022-11-10T17:57:43","date_gmt":"2022-11-10T20:57:43","guid":{"rendered":"https:\/\/www.centraldenoticias.com.ar\/?p=69675"},"modified":"2022-11-10T17:57:43","modified_gmt":"2022-11-10T20:57:43","slug":"terrenos-linderos-a-industrial-hubo-reunion-y-presentacion-de-documentacion","status":"publish","type":"post","link":"https:\/\/cdnoticias.com\/index.php\/2022\/11\/10\/terrenos-linderos-a-industrial-hubo-reunion-y-presentacion-de-documentacion\/","title":{"rendered":"Terrenos linderos a Industrial: hubo reuni\u00f3n y presentaci\u00f3n de documentaci\u00f3n"},"content":{"rendered":"<p>El encuentro se desarroll\u00f3 en el Palacio San Mart\u00edn este jueves. El Municipio present\u00f3 la \u201csituaci\u00f3n legal\u201d de la tierra y desde la Cooperadora de la Escuela se\u00f1al\u00f3 que la discusi\u00f3n estar\u00e1 \u201centre Provincia y Municipio\u201d. <!--more--><\/p>\n<hr \/>\n<p>Tras el <a href=\"https:\/\/cdnoticias.com\/index.php\/2022\/11\/09\/el-municipio-mantendra-una-reunion-con-autoridades-y-cooperadora-de-la-escuela-tecnica-2\/\" target=\"_blank\" rel=\"noopener\">anuncio a minutos<\/a> de <a href=\"https:\/\/cdnoticias.com\/index.php\/2022\/11\/09\/mas-de-un-centenar-de-manifestantes-abrazaron-las-tierras-linderas-a-industrial\/\" target=\"_blank\" rel=\"noopener\">comenzar la protesta de la comunidad educativa de Industrial por la propiedad de los terrenos linderos a la escuela<\/a> de una mesa de di\u00e1logo para acercar a las partes en este conflicto,<strong> finalmente se concret\u00f3 la primera reuni\u00f3n entre la Municipalidad e integrantes del colegio para ver documentos y analizar la situaci\u00f3n de las tierras.<\/strong><\/p>\n<p>&nbsp;<\/p>\n<p>Del encuentro, realizado en el sal\u00f3n blanco del Palacio San Mart\u00edn, participaron la Directora Patricia Dom\u00ednguez, la vicedirectora Florencia Bais y representantes de la Cooperadora del establecimiento por el proyecto de mensura para la posterior escrituraci\u00f3n de la Chacra N\u00b0 571.<\/p>\n<p>&nbsp;<\/p>\n<p>Por el Municipio, estuvieron presentes el Secretario de Gobierno Hilario Galli, el Secretario de Desarrollo Humano y Calidad de Vida Diego Robbiani, el Subsecretario de Legal y T\u00e9cnica Marcelo Fabbi, la Directora de Planeamiento Florencia Mar\u00edn, el Director de Catastro Axel Porce y el Director de Desarrollo Urbano Fabi\u00e1n Rubare.<\/p>\n<p>&nbsp;<\/p>\n<p>All\u00ed, seg\u00fan explic\u00f3 el Municipio, <strong>se explic\u00f3 cu\u00e1l es la situaci\u00f3n legal actual de la mencionada Chacra N\u00b0 571 y el correlato de ordenanzas vigentes hasta el momento.<\/strong><\/p>\n<p>&nbsp;<\/p>\n<p><img data-recalc-dims=\"1\" loading=\"lazy\" decoding=\"async\" class=\"alignnone size-large wp-image-69676\" src=\"https:\/\/i0.wp.com\/cdnoticias.com\/wp-content\/uploads\/2022\/11\/WhatsApp-Image-2022-11-10-at-13.00.43.jpeg?resize=800%2C600&#038;ssl=1\" alt=\"\" width=\"800\" height=\"600\" srcset=\"https:\/\/i0.wp.com\/cdnoticias.com\/wp-content\/uploads\/2022\/11\/WhatsApp-Image-2022-11-10-at-13.00.43.jpeg?resize=1024%2C768&amp;ssl=1 1024w, https:\/\/i0.wp.com\/cdnoticias.com\/wp-content\/uploads\/2022\/11\/WhatsApp-Image-2022-11-10-at-13.00.43.jpeg?resize=300%2C225&amp;ssl=1 300w, https:\/\/i0.wp.com\/cdnoticias.com\/wp-content\/uploads\/2022\/11\/WhatsApp-Image-2022-11-10-at-13.00.43.jpeg?resize=768%2C576&amp;ssl=1 768w, https:\/\/i0.wp.com\/cdnoticias.com\/wp-content\/uploads\/2022\/11\/WhatsApp-Image-2022-11-10-at-13.00.43.jpeg?resize=1536%2C1152&amp;ssl=1 1536w, https:\/\/i0.wp.com\/cdnoticias.com\/wp-content\/uploads\/2022\/11\/WhatsApp-Image-2022-11-10-at-13.00.43.jpeg?w=1600&amp;ssl=1 1600w\" sizes=\"auto, (max-width: 800px) 100vw, 800px\" \/><\/p>\n<p>&nbsp;<\/p>\n<p>Asimismo, se inform\u00f3 que <strong>desde el Municipio se abord\u00f3 la titularidad dominial exhibiendo los certificados de dominio que acreditan que las tierras son municipales y se presentaron los proyectos a desarrollar all\u00ed.<\/strong><\/p>\n<p>&nbsp;<\/p>\n<p><strong>La Cooperativa, por su parte, catalog\u00f3 la reuni\u00f3n como \u201cpositiva\u201d<\/strong> y fue una oportunidad para acceder a toda la documentaci\u00f3n existente. De todas maneras, se\u00f1alaron, en di\u00e1logo con este medio, que <em><strong>\u201cser\u00e1 una discusi\u00f3n de aqu\u00ed en m\u00e1s entre el Municipio y la Provincia para determinar la propiedad de las tierras\u201d.<\/strong><\/em><\/p>\n<p>&nbsp;<\/p>\n<p>Se conoci\u00f3, adem\u00e1s, que<strong> la instituci\u00f3n presentar\u00e1 proyectos para realizar en la tierra y se buscar\u00e1 un consenso de cara a la futura escrituraci\u00f3n y delimitaci\u00f3n del lote que ocupa una amplia porci\u00f3n del territorio.<\/strong><\/p>\n<p>&nbsp;<\/p>\n<p>Tambi\u00e9n acordaron, en el encuentro, una nueva reuni\u00f3n para los pr\u00f3ximos d\u00edas.<\/p>\n","protected":false},"excerpt":{"rendered":"<p>El encuentro se desarroll\u00f3 en el Palacio San Mart\u00edn este jueves. El Municipio present\u00f3 la \u201csituaci\u00f3n legal\u201d de la tierra<\/p>\n","protected":false},"author":2,"featured_media":69677,"comment_status":"closed","ping_status":"closed","sticky":false,"template":"","format":"standard","meta":{"_jetpack_memberships_contains_paid_content":false,"footnotes":""},"categories":[5,1],"tags":[],"class_list":["post-69675","post","type-post","status-publish","format-standard","has-post-thumbnail","hentry","category-informacion-general","category-portada"],"jetpack_featured_media_url":"https:\/\/i0.wp.com\/cdnoticias.com\/wp-content\/uploads\/2022\/11\/WhatsApp-Image-2022-11-10-at-13.02.51.jpeg?fit=1600%2C1200&ssl=1","jetpack_sharing_enabled":true,"_links":{"self":[{"href":"https:\/\/cdnoticias.com\/index.php\/wp-json\/wp\/v2\/posts\/69675","targetHints":{"allow":["GET"]}}],"collection":[{"href":"https:\/\/cdnoticias.com\/index.php\/wp-json\/wp\/v2\/posts"}],"about":[{"href":"https:\/\/cdnoticias.com\/index.php\/wp-json\/wp\/v2\/types\/post"}],"author":[{"embeddable":true,"href":"https:\/\/cdnoticias.com\/index.php\/wp-json\/wp\/v2\/users\/2"}],"replies":[{"embeddable":true,"href":"https:\/\/cdnoticias.com\/index.php\/wp-json\/wp\/v2\/comments?post=69675"}],"version-history":[{"count":0,"href":"https:\/\/cdnoticias.com\/index.php\/wp-json\/wp\/v2\/posts\/69675\/revisions"}],"wp:featuredmedia":[{"embeddable":true,"href":"https:\/\/cdnoticias.com\/index.php\/wp-json\/wp\/v2\/media\/69677"}],"wp:attachment":[{"href":"https:\/\/cdnoticias.com\/index.php\/wp-json\/wp\/v2\/media?parent=69675"}],"wp:term":[{"taxonomy":"category","embeddable":true,"href":"https:\/\/cdnoticias.com\/index.php\/wp-json\/wp\/v2\/categories?post=69675"},{"taxonomy":"post_tag","embeddable":true,"href":"https:\/\/cdnoticias.com\/index.php\/wp-json\/wp\/v2\/tags?post=69675"}],"curies":[{"name":"wp","href":"https:\/\/api.w.org\/{rel}","templated":true}]}}